{"id":5573,"date":"2023-02-28T19:15:54","date_gmt":"2023-02-28T19:15:54","guid":{"rendered":"https:\/\/blogs.sld.cu\/oserranob\/?p=5573"},"modified":"2023-02-28T19:15:54","modified_gmt":"2023-02-28T19:15:54","slug":"controversias-omicas-revivir-especies-extintas","status":"publish","type":"post","link":"https:\/\/blogs.sld.cu\/oserranob\/2023\/02\/28\/controversias-omicas-revivir-especies-extintas\/","title":{"rendered":"Controversias \u00f3micas: revivir especies extintas"},"content":{"rendered":"<p><a href=\"https:\/\/blogs.sld.cu\/oserranob\/files\/2023\/02\/Dodo.png\"><img loading=\"lazy\" class=\"alignleft wp-image-5574 size-full\" title=\"Cr\u00e9dito: Hart, F\/Bridgeman Images\" src=\"https:\/\/blogs.sld.cu\/oserranob\/files\/2023\/02\/Dodo.png\" alt=\"\" width=\"150\" height=\"85\" \/><\/a>La propuesta de &#8220;de-extinguir&#8221; al dodo, ave no voladora desaparecida en el siglo XVII por la depredaci\u00f3n humana, implica retos tecnol\u00f3gicos y ecol\u00f3gicos. Estas y otras consideraciones son abordadas en Callaway E. <a href=\"https:\/\/www.nature.com\/articles\/d41586-023-00379-5\">What it would take to bring back the dodo<\/a>. Nature, 2023; https:\/\/doi.org\/10.1038\/d41586-023-00379-5.<\/p>\n","protected":false},"excerpt":{"rendered":"<p>La propuesta de &#8220;de-extinguir&#8221; al dodo, ave no voladora desaparecida en el siglo XVII por la depredaci\u00f3n humana, implica retos tecnol\u00f3gicos y ecol\u00f3gicos. Estas y otras consideraciones son abordadas en Callaway E. What it would take to bring back the dodo. Nature, 2023; https:\/\/doi.org\/10.1038\/d41586-023-00379-5.<\/p>\n","protected":false},"author":125,"featured_media":0,"comment_status":"open","ping_status":"closed","sticky":false,"template":"","format":"standard","meta":[],"categories":[27],"tags":[],"_links":{"self":[{"href":"https:\/\/blogs.sld.cu\/oserranob\/wp-json\/wp\/v2\/posts\/5573"}],"collection":[{"href":"https:\/\/blogs.sld.cu\/oserranob\/wp-json\/wp\/v2\/posts"}],"about":[{"href":"https:\/\/blogs.sld.cu\/oserranob\/wp-json\/wp\/v2\/types\/post"}],"author":[{"embeddable":true,"href":"https:\/\/blogs.sld.cu\/oserranob\/wp-json\/wp\/v2\/users\/125"}],"replies":[{"embeddable":true,"href":"https:\/\/blogs.sld.cu\/oserranob\/wp-json\/wp\/v2\/comments?post=5573"}],"version-history":[{"count":1,"href":"https:\/\/blogs.sld.cu\/oserranob\/wp-json\/wp\/v2\/posts\/5573\/revisions"}],"predecessor-version":[{"id":5575,"href":"https:\/\/blogs.sld.cu\/oserranob\/wp-json\/wp\/v2\/posts\/5573\/revisions\/5575"}],"wp:attachment":[{"href":"https:\/\/blogs.sld.cu\/oserranob\/wp-json\/wp\/v2\/media?parent=5573"}],"wp:term":[{"taxonomy":"category","embeddable":true,"href":"https:\/\/blogs.sld.cu\/oserranob\/wp-json\/wp\/v2\/categories?post=5573"},{"taxonomy":"post_tag","embeddable":true,"href":"https:\/\/blogs.sld.cu\/oserranob\/wp-json\/wp\/v2\/tags?post=5573"}],"curies":[{"name":"wp","href":"https:\/\/api.w.org\/{rel}","templated":true}]}}