{"id":5880,"date":"2024-02-11T05:34:32","date_gmt":"2024-02-11T05:34:32","guid":{"rendered":"https:\/\/blogs.sld.cu\/oserranob\/?p=5880"},"modified":"2024-02-11T05:37:10","modified_gmt":"2024-02-11T05:37:10","slug":"impartido-curso-de-invierno-sobre-medicina-de-precision","status":"publish","type":"post","link":"https:\/\/blogs.sld.cu\/oserranob\/2024\/02\/11\/impartido-curso-de-invierno-sobre-medicina-de-precision\/","title":{"rendered":"Impartido curso de invierno sobre medicina de precisi\u00f3n"},"content":{"rendered":"<p><a href=\"https:\/\/blogs.sld.cu\/oserranob\/files\/2024\/02\/Promo2.png\"><img loading=\"lazy\" class=\"size-full wp-image-5881 alignleft\" src=\"https:\/\/blogs.sld.cu\/oserranob\/files\/2024\/02\/Promo2.png\" alt=\"\" width=\"150\" height=\"85\" \/><\/a>La C\u00e1tedra Multidisciplinaria de Medicina Gen\u00f3mica, de la <a href=\"https:\/\/instituciones.sld.cu\/ucmtunas\/\">Universidad de Ciencias M\u00e9dicas de Las Tunas<\/a>, organiz\u00f3 el primer curso de invierno, dedicado a la Medicina de Precisi\u00f3n. Participaron estudiantes de Segundo, Tercero y Cuarto A\u00f1os de la carrera en la universidad local.<!--more--><br \/>\nLos contenidos de las actividades te\u00f3ricas se relacionaron con el Proyecto Genoma Humano, las tecnolog\u00edas \u00f3micas y sus aplicaciones diagn\u00f3sticas, la farmacogen\u00e9tica, la edici\u00f3n del genoma y los dilemas \u00e9ticos relacionados con esos temas. Las sesiones pr\u00e1cticas, por su parte, estuvieron dirigidas al trabajo con bases de datos \u00f3micos, como <a href=\"http:\/\/www.ensembl.org\">Ensembl<\/a>, <a href=\"http:\/\/www.uniprot.org\">UniProt<\/a>, <a href=\"https:\/\/www.rcsb.org\/\">PDB<\/a>, <a href=\"https:\/\/www.genome.jp\/kegg\/\">KEGG<\/a>, <a href=\"https:\/\/www.ncbi.nlm.nih.gov\/gene\/\">Gene<\/a>, <a href=\"https:\/\/www.genecards.org\/\">GeneCards<\/a> y <a href=\"http:\/\/www.pharmgkb.org\/\">PharmGKB<\/a>, entre otras.<br \/>\nEn la apertura del curso estuvieron presentes la Dra. Enelis Reyes Reyes, Vicerrectora, y el Lic. Carlos Vel\u00e1zquez, de la Direcci\u00f3n de Extensi\u00f3n Universitaria, quienes atienden las actividades de las c\u00e1tedras honor\u00edficas y multidisciplinarias, y coordinaron todas las facilidades para la realizaci\u00f3n del curso. Esta fue la primera de las actividades del plan confeccionado para el presente a\u00f1o 2024.<\/p>\n","protected":false},"excerpt":{"rendered":"<p>La C\u00e1tedra Multidisciplinaria de Medicina Gen\u00f3mica, de la Universidad de Ciencias M\u00e9dicas de Las Tunas, organiz\u00f3 el primer curso de invierno, dedicado a la Medicina de Precisi\u00f3n. Participaron estudiantes de Segundo, Tercero y Cuarto A\u00f1os de la carrera en la universidad local.<\/p>\n","protected":false},"author":125,"featured_media":0,"comment_status":"open","ping_status":"closed","sticky":false,"template":"","format":"standard","meta":[],"categories":[12],"tags":[],"_links":{"self":[{"href":"https:\/\/blogs.sld.cu\/oserranob\/wp-json\/wp\/v2\/posts\/5880"}],"collection":[{"href":"https:\/\/blogs.sld.cu\/oserranob\/wp-json\/wp\/v2\/posts"}],"about":[{"href":"https:\/\/blogs.sld.cu\/oserranob\/wp-json\/wp\/v2\/types\/post"}],"author":[{"embeddable":true,"href":"https:\/\/blogs.sld.cu\/oserranob\/wp-json\/wp\/v2\/users\/125"}],"replies":[{"embeddable":true,"href":"https:\/\/blogs.sld.cu\/oserranob\/wp-json\/wp\/v2\/comments?post=5880"}],"version-history":[{"count":1,"href":"https:\/\/blogs.sld.cu\/oserranob\/wp-json\/wp\/v2\/posts\/5880\/revisions"}],"predecessor-version":[{"id":5882,"href":"https:\/\/blogs.sld.cu\/oserranob\/wp-json\/wp\/v2\/posts\/5880\/revisions\/5882"}],"wp:attachment":[{"href":"https:\/\/blogs.sld.cu\/oserranob\/wp-json\/wp\/v2\/media?parent=5880"}],"wp:term":[{"taxonomy":"category","embeddable":true,"href":"https:\/\/blogs.sld.cu\/oserranob\/wp-json\/wp\/v2\/categories?post=5880"},{"taxonomy":"post_tag","embeddable":true,"href":"https:\/\/blogs.sld.cu\/oserranob\/wp-json\/wp\/v2\/tags?post=5880"}],"curies":[{"name":"wp","href":"https:\/\/api.w.org\/{rel}","templated":true}]}}