{"id":103,"date":"2008-08-29T11:52:55","date_gmt":"2008-08-29T15:52:55","guid":{"rendered":"http:\/\/blogviejo.sld.cu\/pablomontes\/2008\/08\/29\/poster-sitios-de-especialidades\/"},"modified":"2008-08-29T11:52:55","modified_gmt":"2008-08-29T15:52:55","slug":"poster-sitios-de-especialidades","status":"publish","type":"post","link":"https:\/\/blogs.sld.cu\/pablomontes\/2008\/08\/29\/poster-sitios-de-especialidades\/","title":{"rendered":"Poster Sitios de Especialidades"},"content":{"rendered":"<p>Para la exposici\u00f3n de la Dra. Mirta N\u00fa\u00f1ez Gud\u00e1s, Editora Principal Portal Infomed, y que aborda el tema de los sitios de Especialidades en Infomed.<\/p>\n<p><a href=\"https:\/\/blogs.sld.cu\/pablomontes\/files\/2008\/08\/mirta-final.png\" title=\"Poster Especialidades\" target=\"_blank\">Ver poster <\/a><\/p>\n<p class=\"MsoNormal\"><span><\/span><\/p>\n","protected":false},"excerpt":{"rendered":"<p>Para la exposici\u00f3n de la Dra. Mirta N\u00fa\u00f1ez Gud\u00e1s, Editora Principal Portal Infomed, y que aborda el tema de los sitios de Especialidades en Infomed. Ver poster<\/p>\n","protected":false},"author":121,"featured_media":0,"comment_status":"open","ping_status":"open","sticky":false,"template":"","format":"standard","meta":[],"categories":[19,6,9,10,12],"tags":[],"_links":{"self":[{"href":"https:\/\/blogs.sld.cu\/pablomontes\/wp-json\/wp\/v2\/posts\/103"}],"collection":[{"href":"https:\/\/blogs.sld.cu\/pablomontes\/wp-json\/wp\/v2\/posts"}],"about":[{"href":"https:\/\/blogs.sld.cu\/pablomontes\/wp-json\/wp\/v2\/types\/post"}],"author":[{"embeddable":true,"href":"https:\/\/blogs.sld.cu\/pablomontes\/wp-json\/wp\/v2\/users\/121"}],"replies":[{"embeddable":true,"href":"https:\/\/blogs.sld.cu\/pablomontes\/wp-json\/wp\/v2\/comments?post=103"}],"version-history":[{"count":0,"href":"https:\/\/blogs.sld.cu\/pablomontes\/wp-json\/wp\/v2\/posts\/103\/revisions"}],"wp:attachment":[{"href":"https:\/\/blogs.sld.cu\/pablomontes\/wp-json\/wp\/v2\/media?parent=103"}],"wp:term":[{"taxonomy":"category","embeddable":true,"href":"https:\/\/blogs.sld.cu\/pablomontes\/wp-json\/wp\/v2\/categories?post=103"},{"taxonomy":"post_tag","embeddable":true,"href":"https:\/\/blogs.sld.cu\/pablomontes\/wp-json\/wp\/v2\/tags?post=103"}],"curies":[{"name":"wp","href":"https:\/\/api.w.org\/{rel}","templated":true}]}}