{"id":23,"date":"2007-07-26T01:53:01","date_gmt":"2007-07-26T05:53:01","guid":{"rendered":"http:\/\/blogviejo.sld.cu\/pablomontes\/2007\/07\/26\/videosalud-2008\/"},"modified":"2007-07-26T01:53:01","modified_gmt":"2007-07-26T05:53:01","slug":"videosalud-2008","status":"publish","type":"post","link":"https:\/\/blogs.sld.cu\/pablomontes\/2007\/07\/26\/videosalud-2008\/","title":{"rendered":"Videosalud 2008"},"content":{"rendered":"<p>Para la <a href=\"https:\/\/blogs.sld.cu\/pablomontes\/files\/2007\/07\/cabecera.jpg\" title=\"cabecera videosalud 2008\">cabecera<\/a> del sitio de este evento se emplearon diversos recursos gr\u00e1ficos asociados al mundo cinematogr\u00e1fico: el color negro, los medios t\u00e9cnicos de iluminaci\u00f3n, el celuloide; por otra parte, se utiliza la imagen de una familia sonriente como elemento que reafirma el factor humano, el bienestar y la salud que est\u00e1n presentes en esta muestra internacional. Desde el punto de vista tipogr\u00e1fico, se emplea la familia Officina del dise\u00f1ador Spikerman, la cual se caracteriza por su modernidad, frescura y actualidad, atributos que unidos al juego tipogr\u00e1fico-crom\u00e1tico que se aplica para generar las separaciones entre palabras, pretenden imprimirle un marcado car\u00e1cter contempor\u00e1neo a la pieza gr\u00e1fica.<\/p>\n<p>Se esboz\u00f3 una <a href=\"https:\/\/blogs.sld.cu\/pablomontes\/files\/2007\/07\/vista-general.jpg\" title=\"esbozo videosalud 2008\">vista general<\/a> para visualizar la cabecera en conjunto con el resto de la p\u00e1gina, pero no es definitiva pues a\u00fan no se han determinado con exactitud los elementos informativos que contendr\u00e1 el sitio.<\/p>\n","protected":false},"excerpt":{"rendered":"<p>Para la cabecera del sitio de este evento se emplearon diversos recursos gr\u00e1ficos asociados al mundo cinematogr\u00e1fico: el color negro, los medios t\u00e9cnicos de iluminaci\u00f3n, el celuloide; por otra parte, se utiliza la imagen de una familia sonriente como elemento que reafirma el factor humano, el bienestar y la salud que est\u00e1n presentes en esta [&hellip;]<\/p>\n","protected":false},"author":121,"featured_media":0,"comment_status":"open","ping_status":"open","sticky":false,"template":"","format":"standard","meta":[],"categories":[6,8],"tags":[],"_links":{"self":[{"href":"https:\/\/blogs.sld.cu\/pablomontes\/wp-json\/wp\/v2\/posts\/23"}],"collection":[{"href":"https:\/\/blogs.sld.cu\/pablomontes\/wp-json\/wp\/v2\/posts"}],"about":[{"href":"https:\/\/blogs.sld.cu\/pablomontes\/wp-json\/wp\/v2\/types\/post"}],"author":[{"embeddable":true,"href":"https:\/\/blogs.sld.cu\/pablomontes\/wp-json\/wp\/v2\/users\/121"}],"replies":[{"embeddable":true,"href":"https:\/\/blogs.sld.cu\/pablomontes\/wp-json\/wp\/v2\/comments?post=23"}],"version-history":[{"count":0,"href":"https:\/\/blogs.sld.cu\/pablomontes\/wp-json\/wp\/v2\/posts\/23\/revisions"}],"wp:attachment":[{"href":"https:\/\/blogs.sld.cu\/pablomontes\/wp-json\/wp\/v2\/media?parent=23"}],"wp:term":[{"taxonomy":"category","embeddable":true,"href":"https:\/\/blogs.sld.cu\/pablomontes\/wp-json\/wp\/v2\/categories?post=23"},{"taxonomy":"post_tag","embeddable":true,"href":"https:\/\/blogs.sld.cu\/pablomontes\/wp-json\/wp\/v2\/tags?post=23"}],"curies":[{"name":"wp","href":"https:\/\/api.w.org\/{rel}","templated":true}]}}