{"id":27,"date":"2007-10-02T17:30:41","date_gmt":"2007-10-02T21:30:41","guid":{"rendered":"http:\/\/blogviejo.sld.cu\/pablomontes\/2007\/10\/02\/propuesta-diseno-infomed-enlaces\/"},"modified":"2007-10-02T17:30:41","modified_gmt":"2007-10-02T21:30:41","slug":"propuesta-diseno-infomed-enlaces","status":"publish","type":"post","link":"https:\/\/blogs.sld.cu\/pablomontes\/2007\/10\/02\/propuesta-diseno-infomed-enlaces\/","title":{"rendered":"Propuesta Dise\u00f1o Infomed Enlaces"},"content":{"rendered":"<p class=\"MsoNormal\">La <a href=\"https:\/\/blogs.sld.cu\/pablomontes\/files\/2007\/10\/enlaces-vista-general.jpg\" title=\"Propuesta Dise\u00f1o Infomed Enlaces\">propuesta<\/a> parte del dise\u00f1o predeterminado que presenta el producto empleado en la versi\u00f3n Beta del Infoenlaces actual. Se realizaron las siguientes modificaciones:<\/p>\n<p class=\"MsoNormal\"><strong>Organizaci\u00f3n<span>  <\/span>de los elementos en la p\u00e1gina:<\/strong><\/p>\n<p class=\"MsoNormal\">-Se agruparon los enlaces correspondientes a \u201cRegistrarse\u201d, \u201cAcceder\u201d y \u201cAcerca de\u201d y se ubicaron en el extremo superior <span> <\/span>derecho de la p\u00e1gina, zona que posee un alto \u00e9nfasis visual y que facilita el inmediato reconocimiento de estas acciones de primer nivel.<\/p>\n<p class=\"MsoNormal\">-Se incorpor\u00f3 el buscador a la barra men\u00fa que aparece debajo de la cabecera, con el objetivo de aportarle un mayor \u00e9nfasis a esta utilidad y ubicarla en una zona que desde el punto de vista funcional tuviese un denominador com\u00fan; en esta barra aparecen los elementos necesarios para guiar la b\u00fasqueda: un buscador general y un buscador por categor\u00edas (Fecha, t\u00edtulo, URL).<\/p>\n<p class=\"MsoNormal\"> <strong>Selecci\u00f3n crom\u00e1tica<\/strong><\/p>\n<p class=\"MsoNormal\">La selecci\u00f3n crom\u00e1tica garantiza un adecuado contraste entre los diferentes elementos de la p\u00e1gina y una correcta legibilidad; por otra parte, se establecen relaciones crom\u00e1ticas que favorecen la comprensi\u00f3n de la p\u00e1gina: tanto las etiquetas de los enlaces como la nube que aparece a la derecha aparecen en naranja, todos los botones poseen el mismo comportamiento crom\u00e1tico (desactivado-gris claro, disponible-gris oscuro, mouse hover-verde brillante).<\/p>\n<p class=\"MsoNormal\"> <strong>Cabecera<\/strong><\/p>\n<p class=\"MsoNormal\">Se emple\u00f3 el concepto de <a href=\"https:\/\/blogs.sld.cu\/pablomontes\/files\/2007\/10\/250px-2006-01-14_surface_waves.jpg\" title=\"Ondas en el agua\">\u201condas en el agua\u201d<\/a> las cuales se generan en forma de c\u00edrculos cuando s<span>e produce una perturbaci\u00f3n en la superficie del l\u00edquido. Este concepto y el uso del conocido icono de \u201cla manito\u201d utilizado universalmente en el medio digital para indicar la existencia de un enlace, permite recrear una ilustraci\u00f3n metaf\u00f3rica donde muchas \u201cmanitos\u201d (muchos usuarios accediendo a diferentes enlaces) generan ondas que se propagan (comparten estos enlaces) y llegan a otras \u201cmanitos\u201d (nuevos usuarios que acceden a estos enlaces compartidos) que su vez generan nuevas ondas estableciendo una \u201cred de intercambio\u201d (infoenlaces). <\/span><\/p>\n","protected":false},"excerpt":{"rendered":"<p>La propuesta parte del dise\u00f1o predeterminado que presenta el producto empleado en la versi\u00f3n Beta del Infoenlaces actual. Se realizaron las siguientes modificaciones: Organizaci\u00f3n de los elementos en la p\u00e1gina: -Se agruparon los enlaces correspondientes a \u201cRegistrarse\u201d, \u201cAcceder\u201d y \u201cAcerca de\u201d y se ubicaron en el extremo superior derecho de la p\u00e1gina, zona que posee [&hellip;]<\/p>\n","protected":false},"author":121,"featured_media":0,"comment_status":"open","ping_status":"open","sticky":false,"template":"","format":"standard","meta":[],"categories":[6,9,10,12],"tags":[],"_links":{"self":[{"href":"https:\/\/blogs.sld.cu\/pablomontes\/wp-json\/wp\/v2\/posts\/27"}],"collection":[{"href":"https:\/\/blogs.sld.cu\/pablomontes\/wp-json\/wp\/v2\/posts"}],"about":[{"href":"https:\/\/blogs.sld.cu\/pablomontes\/wp-json\/wp\/v2\/types\/post"}],"author":[{"embeddable":true,"href":"https:\/\/blogs.sld.cu\/pablomontes\/wp-json\/wp\/v2\/users\/121"}],"replies":[{"embeddable":true,"href":"https:\/\/blogs.sld.cu\/pablomontes\/wp-json\/wp\/v2\/comments?post=27"}],"version-history":[{"count":0,"href":"https:\/\/blogs.sld.cu\/pablomontes\/wp-json\/wp\/v2\/posts\/27\/revisions"}],"wp:attachment":[{"href":"https:\/\/blogs.sld.cu\/pablomontes\/wp-json\/wp\/v2\/media?parent=27"}],"wp:term":[{"taxonomy":"category","embeddable":true,"href":"https:\/\/blogs.sld.cu\/pablomontes\/wp-json\/wp\/v2\/categories?post=27"},{"taxonomy":"post_tag","embeddable":true,"href":"https:\/\/blogs.sld.cu\/pablomontes\/wp-json\/wp\/v2\/tags?post=27"}],"curies":[{"name":"wp","href":"https:\/\/api.w.org\/{rel}","templated":true}]}}