{"id":122,"date":"2016-02-09T15:43:39","date_gmt":"2016-02-09T15:43:39","guid":{"rendered":"http:\/\/blogs.sld.cu\/patricia\/?p=122"},"modified":"2017-02-08T22:32:52","modified_gmt":"2017-02-08T22:32:52","slug":"programa-de-la-25a-feria-internacional-del-libro-de-la-habana-fil-2016","status":"publish","type":"post","link":"https:\/\/blogs.sld.cu\/patricia\/2016\/02\/09\/programa-de-la-25a-feria-internacional-del-libro-de-la-habana-fil-2016\/","title":{"rendered":"Programa de la 25\u00aa Feria Internacional del Libro de La Habana (FILH 2016)"},"content":{"rendered":"<p><a href=\"https:\/\/blogs.sld.cu\/patricia\/files\/2016\/02\/feria1.jpg\"><img loading=\"lazy\" class=\"  wp-image-123 alignleft\" style=\"margin: 5px\" src=\"https:\/\/blogs.sld.cu\/patricia\/files\/2016\/02\/feria1.jpg\" alt=\"25\u00aa Feria Internacional del Libro de La Habana\" width=\"177\" height=\"251\" srcset=\"https:\/\/blogs.sld.cu\/patricia\/files\/2016\/02\/feria1.jpg 679w, https:\/\/blogs.sld.cu\/patricia\/files\/2016\/02\/feria1-212x300.jpg 212w\" sizes=\"(max-width: 177px) 100vw, 177px\" \/><\/a> La <a href=\"http:\/\/www.granma.cu\/especiales\/25-feria-internacional-del-libro\" target=\"_blank\">25\u00aa Feria Internacional del Libro de La Habana, Cuba 2016 (FILH 2016)<\/a> se celebrar\u00e1 del 11 al 21 de febrero bajo el lema &#8220;Leer es crecer&#8221;. El pa\u00eds Invitado de Honor ser\u00e1 la Rep\u00fablica Oriental del Uruguay y los autores homenajeados, Lina de Feria, poeta, periodista y ensayista, y el escritor, folclorista y ensayista Rogelio Mart\u00ednez Fur\u00e9, ambos nominados para el Premio Nacional de Literatura 2015, otorgado finalmente a este \u00faltimo.<\/p>\n<p>Aqu\u00ed les dejo el <a href=\"https:\/\/blogs.sld.cu\/patricia\/files\/2016\/02\/Programa-FILH-2016.-9-febrero.doc\">Programa FILH 2016. <\/a><\/p>\n<p>&nbsp;<\/p>\n<p>&nbsp;<\/p>\n","protected":false},"excerpt":{"rendered":"<p>La 25\u00aa Feria Internacional del Libro de La Habana, Cuba 2016 (FILH 2016) se celebrar\u00e1 del 11 al 21 de febrero bajo el lema &#8220;Leer es crecer&#8221;. El pa\u00eds Invitado de Honor ser\u00e1 la Rep\u00fablica Oriental del Uruguay y los autores homenajeados, Lina de Feria, poeta, periodista y ensayista, y el escritor, folclorista y ensayista [&hellip;]<\/p>\n","protected":false},"author":123,"featured_media":0,"comment_status":"open","ping_status":"open","sticky":false,"template":"","format":"standard","meta":[],"categories":[33],"tags":[45,47,46],"_links":{"self":[{"href":"https:\/\/blogs.sld.cu\/patricia\/wp-json\/wp\/v2\/posts\/122"}],"collection":[{"href":"https:\/\/blogs.sld.cu\/patricia\/wp-json\/wp\/v2\/posts"}],"about":[{"href":"https:\/\/blogs.sld.cu\/patricia\/wp-json\/wp\/v2\/types\/post"}],"author":[{"embeddable":true,"href":"https:\/\/blogs.sld.cu\/patricia\/wp-json\/wp\/v2\/users\/123"}],"replies":[{"embeddable":true,"href":"https:\/\/blogs.sld.cu\/patricia\/wp-json\/wp\/v2\/comments?post=122"}],"version-history":[{"count":5,"href":"https:\/\/blogs.sld.cu\/patricia\/wp-json\/wp\/v2\/posts\/122\/revisions"}],"predecessor-version":[{"id":198,"href":"https:\/\/blogs.sld.cu\/patricia\/wp-json\/wp\/v2\/posts\/122\/revisions\/198"}],"wp:attachment":[{"href":"https:\/\/blogs.sld.cu\/patricia\/wp-json\/wp\/v2\/media?parent=122"}],"wp:term":[{"taxonomy":"category","embeddable":true,"href":"https:\/\/blogs.sld.cu\/patricia\/wp-json\/wp\/v2\/categories?post=122"},{"taxonomy":"post_tag","embeddable":true,"href":"https:\/\/blogs.sld.cu\/patricia\/wp-json\/wp\/v2\/tags?post=122"}],"curies":[{"name":"wp","href":"https:\/\/api.w.org\/{rel}","templated":true}]}}