{"id":194,"date":"2017-02-08T22:31:37","date_gmt":"2017-02-08T22:31:37","guid":{"rendered":"http:\/\/blogs.sld.cu\/patricia\/?p=194"},"modified":"2017-02-23T20:42:08","modified_gmt":"2017-02-23T20:42:08","slug":"programa-de-la-26a-feria-internacional-del-libro-de-la-habana-filh-2017","status":"publish","type":"post","link":"https:\/\/blogs.sld.cu\/patricia\/2017\/02\/08\/programa-de-la-26a-feria-internacional-del-libro-de-la-habana-filh-2017\/","title":{"rendered":"Programa de la 26\u00aa Feria Internacional del Libro de La Habana (FILH 2017)"},"content":{"rendered":"<p><a href=\"https:\/\/blogs.sld.cu\/patricia\/files\/2017\/02\/FILH-Cuba-20171.jpg\"><img loading=\"lazy\" class=\"alignleft wp-image-204 \" style=\"border-width: 0px;margin: 0px 5px 0px 5px\" src=\"https:\/\/blogs.sld.cu\/patricia\/files\/2017\/02\/FILH-Cuba-20171.jpg\" alt=\"FILH Cuba 2017\" width=\"156\" height=\"220\" srcset=\"https:\/\/blogs.sld.cu\/patricia\/files\/2017\/02\/FILH-Cuba-20171.jpg 242w, https:\/\/blogs.sld.cu\/patricia\/files\/2017\/02\/FILH-Cuba-20171-212x300.jpg 212w\" sizes=\"(max-width: 156px) 100vw, 156px\" \/><\/a>La <a href=\"http:\/\/www.filcuba.cult.cu\/\" target=\"_blank\">26\u00aa Feria Internacional del Libro de La Habana, Cuba 2017 (FILH 2017)<\/a> se celebrar\u00e1 del 9 al 19 de febrero bajo el lema &#8220;Leer es crecer&#8221;. Dedicado al notable intelectual y pol\u00edtico cubano Armando Hart D\u00e1valos y a Canad\u00e1 como Pa\u00eds Invitado de Honor, el suceso tendr\u00e1 como sede principal la Fortaleza de San Carlos de la Caba\u00f1a.<\/p>\n<p>Aqu\u00ed les dejo el <a href=\"https:\/\/blogs.sld.cu\/patricia\/files\/2017\/02\/Programa-General-FILH-2017-CA\u00f1onazofebrero-3.doc\">Programa FILH 2017<\/a><\/p>\n","protected":false},"excerpt":{"rendered":"<p>La 26\u00aa Feria Internacional del Libro de La Habana, Cuba 2017 (FILH 2017) se celebrar\u00e1 del 9 al 19 de febrero bajo el lema &#8220;Leer es crecer&#8221;. Dedicado al notable intelectual y pol\u00edtico cubano Armando Hart D\u00e1valos y a Canad\u00e1 como Pa\u00eds Invitado de Honor, el suceso tendr\u00e1 como sede principal la Fortaleza de San [&hellip;]<\/p>\n","protected":false},"author":123,"featured_media":0,"comment_status":"open","ping_status":"open","sticky":false,"template":"","format":"standard","meta":[],"categories":[33],"tags":[45,47,46],"_links":{"self":[{"href":"https:\/\/blogs.sld.cu\/patricia\/wp-json\/wp\/v2\/posts\/194"}],"collection":[{"href":"https:\/\/blogs.sld.cu\/patricia\/wp-json\/wp\/v2\/posts"}],"about":[{"href":"https:\/\/blogs.sld.cu\/patricia\/wp-json\/wp\/v2\/types\/post"}],"author":[{"embeddable":true,"href":"https:\/\/blogs.sld.cu\/patricia\/wp-json\/wp\/v2\/users\/123"}],"replies":[{"embeddable":true,"href":"https:\/\/blogs.sld.cu\/patricia\/wp-json\/wp\/v2\/comments?post=194"}],"version-history":[{"count":4,"href":"https:\/\/blogs.sld.cu\/patricia\/wp-json\/wp\/v2\/posts\/194\/revisions"}],"predecessor-version":[{"id":205,"href":"https:\/\/blogs.sld.cu\/patricia\/wp-json\/wp\/v2\/posts\/194\/revisions\/205"}],"wp:attachment":[{"href":"https:\/\/blogs.sld.cu\/patricia\/wp-json\/wp\/v2\/media?parent=194"}],"wp:term":[{"taxonomy":"category","embeddable":true,"href":"https:\/\/blogs.sld.cu\/patricia\/wp-json\/wp\/v2\/categories?post=194"},{"taxonomy":"post_tag","embeddable":true,"href":"https:\/\/blogs.sld.cu\/patricia\/wp-json\/wp\/v2\/tags?post=194"}],"curies":[{"name":"wp","href":"https:\/\/api.w.org\/{rel}","templated":true}]}}