{"id":271,"date":"2016-03-28T12:11:50","date_gmt":"2016-03-28T12:11:50","guid":{"rendered":"http:\/\/blogs.sld.cu\/proyectolasmariposa\/?p=271"},"modified":"2016-04-12T19:30:44","modified_gmt":"2016-04-12T19:30:44","slug":"exposicion-la-condicion-humana-de-un-lider","status":"publish","type":"post","link":"https:\/\/blogs.sld.cu\/proyectolasmariposa\/2016\/03\/28\/exposicion-la-condicion-humana-de-un-lider\/","title":{"rendered":"Exposici\u00f3n \u201cLa condici\u00f3n humana de un l\u00edder \u201c"},"content":{"rendered":"<p>Asistimos a una exposici\u00f3n que nos brindo el Museo Napole\u00f3nico inaugurada\u00a0 el d\u00eda 18 de marzo\u00a0 \u201cLa condici\u00f3n humana de un l\u00edder\u201d, integrada por 15 obras con la imagen de Napole\u00f3n Bonaparte (1769-1821), realizadas por artistas franceses, alemanes e ingleses del siglo XIX. La idea original de Ren\u00e9 Gonz\u00e1lez Medina quien junto a Anabel Caraballo Fuentes tuvieron a su cargo la curadur\u00eda y el texto del catalogo. Fue una tarde de mucha cultura\u00a0 y esparcimiento.<\/p>\n<p>&nbsp;<\/p>\n<table>\n<tbody>\n<tr>\n<td><a href=\"http:\/\/blogs.sld.cu\/proyectolasmariposa\/files\/2016\/03\/1-A-225x300.jpg\" target=\"_blank\"><img loading=\"lazy\" class=\"aligncenter wp-image-618\" title=\"Ampliar imagen\" src=\"http:\/\/blogs.sld.cu\/proyectolasmariposa\/files\/2016\/03\/1-A-225x300-225x300.jpg\" alt=\"1-A-225x300\" width=\"143\" height=\"191\" \/><\/a><\/td>\n<td><a href=\"http:\/\/blogs.sld.cu\/proyectolasmariposa\/files\/2016\/03\/2-A-300x225.jpg\" target=\"_blank\"><img loading=\"lazy\" class=\"aligncenter wp-image-619\" title=\"Ampliar imagen\" src=\"http:\/\/blogs.sld.cu\/proyectolasmariposa\/files\/2016\/03\/2-A-300x225-300x225.jpg\" alt=\"2-A-300x225\" width=\"143\" height=\"107\" \/><\/a><\/td>\n<td><a href=\"http:\/\/blogs.sld.cu\/proyectolasmariposa\/files\/2016\/03\/3-A-225x300.jpg\" target=\"_blank\"><img loading=\"lazy\" class=\"aligncenter wp-image-621\" title=\"Ampliar imagen\" src=\"http:\/\/blogs.sld.cu\/proyectolasmariposa\/files\/2016\/03\/3-A-225x300-225x300.jpg\" alt=\"3-A-225x300\" width=\"143\" height=\"191\" \/><\/a><\/td>\n<\/tr>\n<tr>\n<td><a href=\"http:\/\/blogs.sld.cu\/proyectolasmariposa\/files\/2016\/03\/4-A-225x300.jpg\" target=\"_blank\"><img loading=\"lazy\" class=\"aligncenter wp-image-620\" title=\"Ampliar imagen\" src=\"http:\/\/blogs.sld.cu\/proyectolasmariposa\/files\/2016\/03\/4-A-225x300-225x300.jpg\" alt=\"4-A-225x300\" width=\"143\" height=\"191\" \/><\/a><\/td>\n<td><a href=\"http:\/\/blogs.sld.cu\/proyectolasmariposa\/files\/2016\/03\/9-A-225x300.jpg\" target=\"_blank\"><img loading=\"lazy\" class=\"aligncenter wp-image-622\" title=\"Ampliar imagen\" src=\"http:\/\/blogs.sld.cu\/proyectolasmariposa\/files\/2016\/03\/9-A-225x300-225x300.jpg\" alt=\"9-A-225x300\" width=\"143\" height=\"191\" \/><\/a><\/td>\n<td><a href=\"http:\/\/blogs.sld.cu\/proyectolasmariposa\/files\/2016\/03\/8-A-225x300.jpg\" target=\"_blank\"><img loading=\"lazy\" class=\"aligncenter wp-image-623\" title=\"Ampliar imagen\" src=\"http:\/\/blogs.sld.cu\/proyectolasmariposa\/files\/2016\/03\/8-A-225x300-225x300.jpg\" alt=\"8-A-225x300\" width=\"143\" height=\"191\" \/><\/a><\/td>\n<\/tr>\n<tr>\n<td><a href=\"http:\/\/blogs.sld.cu\/proyectolasmariposa\/files\/2016\/03\/7-A-225x300.jpg\" target=\"_blank\"><img loading=\"lazy\" class=\"aligncenter wp-image-624\" title=\"Ampliar imagen\" src=\"http:\/\/blogs.sld.cu\/proyectolasmariposa\/files\/2016\/03\/7-A-225x300-225x300.jpg\" alt=\"7-A-225x300\" width=\"143\" height=\"191\" \/><\/a><\/td>\n<td><a href=\"http:\/\/blogs.sld.cu\/proyectolasmariposa\/files\/2016\/03\/6-A-300x225.jpg\" target=\"_blank\"><img loading=\"lazy\" class=\"aligncenter wp-image-625\" title=\"Ampliar imagen\" src=\"http:\/\/blogs.sld.cu\/proyectolasmariposa\/files\/2016\/03\/6-A-300x225-300x225.jpg\" alt=\"6-A-300x225\" width=\"143\" height=\"107\" \/><\/a><\/td>\n<td><a href=\"http:\/\/blogs.sld.cu\/proyectolasmariposa\/files\/2016\/03\/10-A-300x225.jpg\" target=\"_blank\"><img loading=\"lazy\" class=\"aligncenter wp-image-626\" title=\"Ampliar imagen\" src=\"http:\/\/blogs.sld.cu\/proyectolasmariposa\/files\/2016\/03\/10-A-300x225-300x225.jpg\" alt=\"10-A-300x225\" width=\"143\" height=\"107\" \/><\/a><\/td>\n<\/tr>\n<tr>\n<td><a href=\"http:\/\/blogs.sld.cu\/proyectolasmariposa\/files\/2016\/03\/11-A-300x225.jpg\" target=\"_blank\"><img loading=\"lazy\" class=\"aligncenter wp-image-627\" title=\"Ampliar imagen\" src=\"http:\/\/blogs.sld.cu\/proyectolasmariposa\/files\/2016\/03\/11-A-300x225-300x225.jpg\" alt=\"11-A-300x225\" width=\"143\" height=\"107\" \/><\/a><\/td>\n<td><a href=\"http:\/\/blogs.sld.cu\/proyectolasmariposa\/files\/2016\/03\/12-A.GPJ_-300x225.jpg\" target=\"_blank\"><img loading=\"lazy\" class=\"aligncenter wp-image-628\" title=\"Ampliar imagen\" src=\"http:\/\/blogs.sld.cu\/proyectolasmariposa\/files\/2016\/03\/12-A.GPJ_-300x225-300x225.jpg\" alt=\"12-A.GPJ_-300x225\" width=\"143\" height=\"107\" \/><\/a><\/td>\n<td><\/td>\n<\/tr>\n<\/tbody>\n<\/table>\n<p>&nbsp;<\/p>\n","protected":false},"excerpt":{"rendered":"<p>Asistimos a una exposici\u00f3n que nos brindo el Museo Napole\u00f3nico inaugurada\u00a0 el d\u00eda 18 de marzo\u00a0 \u201cLa condici\u00f3n humana de un l\u00edder\u201d, integrada por 15 obras con la imagen de Napole\u00f3n Bonaparte (1769-1821), realizadas por artistas franceses, alemanes e ingleses del siglo XIX. La idea original de Ren\u00e9 Gonz\u00e1lez Medina quien junto a Anabel Caraballo [&hellip;]<\/p>\n","protected":false},"author":187,"featured_media":0,"comment_status":"open","ping_status":"open","sticky":false,"template":"","format":"standard","meta":[],"categories":[7],"tags":[],"_links":{"self":[{"href":"https:\/\/blogs.sld.cu\/proyectolasmariposa\/wp-json\/wp\/v2\/posts\/271"}],"collection":[{"href":"https:\/\/blogs.sld.cu\/proyectolasmariposa\/wp-json\/wp\/v2\/posts"}],"about":[{"href":"https:\/\/blogs.sld.cu\/proyectolasmariposa\/wp-json\/wp\/v2\/types\/post"}],"author":[{"embeddable":true,"href":"https:\/\/blogs.sld.cu\/proyectolasmariposa\/wp-json\/wp\/v2\/users\/187"}],"replies":[{"embeddable":true,"href":"https:\/\/blogs.sld.cu\/proyectolasmariposa\/wp-json\/wp\/v2\/comments?post=271"}],"version-history":[{"count":3,"href":"https:\/\/blogs.sld.cu\/proyectolasmariposa\/wp-json\/wp\/v2\/posts\/271\/revisions"}],"predecessor-version":[{"id":629,"href":"https:\/\/blogs.sld.cu\/proyectolasmariposa\/wp-json\/wp\/v2\/posts\/271\/revisions\/629"}],"wp:attachment":[{"href":"https:\/\/blogs.sld.cu\/proyectolasmariposa\/wp-json\/wp\/v2\/media?parent=271"}],"wp:term":[{"taxonomy":"category","embeddable":true,"href":"https:\/\/blogs.sld.cu\/proyectolasmariposa\/wp-json\/wp\/v2\/categories?post=271"},{"taxonomy":"post_tag","embeddable":true,"href":"https:\/\/blogs.sld.cu\/proyectolasmariposa\/wp-json\/wp\/v2\/tags?post=271"}],"curies":[{"name":"wp","href":"https:\/\/api.w.org\/{rel}","templated":true}]}}