{"id":41,"date":"2016-01-28T17:40:43","date_gmt":"2016-01-28T17:40:43","guid":{"rendered":"http:\/\/blogs.sld.cu\/proyectolasmariposa\/?p=41"},"modified":"2016-04-18T15:00:25","modified_gmt":"2016-04-18T15:00:25","slug":"aniversario-163-del-natalicio-de-jose-marti","status":"publish","type":"post","link":"https:\/\/blogs.sld.cu\/proyectolasmariposa\/2016\/01\/28\/aniversario-163-del-natalicio-de-jose-marti\/","title":{"rendered":"Aniversario 163 del natalicio de Jos\u00e9 Mart\u00ed"},"content":{"rendered":"<p>&nbsp;<\/p>\n<p>Hoy a 163 a\u00f1os del nacimiento de Jos\u00e9 Mart\u00ed, como hace a\u00f1oshecemos,compatimos con los ni\u00f1os y las ni\u00f1as del jardin &#8220;Rayitos de Sol&#8221;, \u00e9sta fiesta de todos los cubanos.<\/p>\n<p>Despu\u00e9s del recibimiento a los adultos y adultas mayores compartimos\u00a0 poesias recitadas por los ni\u00f1os\u00a0 y\u00a0 nuestra Margarita Tapia, junto a los ni\u00f1os Laura Ojeda y Yordano Alejandro Machado ambos de 5 a\u00f1os, en nombre de todos los presentes , le obsequiron a Mart\u00ed\u00a0 unas flores\u00a0 y un !Feliz\u00a0 cumplea\u00f1os, Mart\u00ed!<\/p>\n<p>&nbsp;<\/p>\n<table>\n<tbody>\n<tr>\n<td><a href=\"http:\/\/blogs.sld.cu\/proyectolasmariposa\/files\/2016\/01\/DSC01804.jpg\" target=\"_blank\"><img loading=\"lazy\" class=\"aligncenter wp-image-747\" title=\"Ampliar imagen\" src=\"http:\/\/blogs.sld.cu\/proyectolasmariposa\/files\/2016\/01\/DSC01804-300x225.jpg\" alt=\"DSC01804\" width=\"143\" height=\"107\" srcset=\"https:\/\/blogs.sld.cu\/proyectolasmariposa\/files\/2016\/01\/DSC01804-300x225.jpg 300w, https:\/\/blogs.sld.cu\/proyectolasmariposa\/files\/2016\/01\/DSC01804.jpg 644w\" sizes=\"(max-width: 143px) 100vw, 143px\" \/><\/a><\/td>\n<td><a href=\"http:\/\/blogs.sld.cu\/proyectolasmariposa\/files\/2016\/01\/DSC01805.jpg\" target=\"_blank\"><img loading=\"lazy\" class=\"aligncenter wp-image-748\" title=\"Ampliar imagen\" src=\"http:\/\/blogs.sld.cu\/proyectolasmariposa\/files\/2016\/01\/DSC01805-300x225.jpg\" alt=\"DSC01805\" width=\"143\" height=\"107\" srcset=\"https:\/\/blogs.sld.cu\/proyectolasmariposa\/files\/2016\/01\/DSC01805-300x225.jpg 300w, https:\/\/blogs.sld.cu\/proyectolasmariposa\/files\/2016\/01\/DSC01805.jpg 644w\" sizes=\"(max-width: 143px) 100vw, 143px\" \/><\/a><\/td>\n<td><a href=\"http:\/\/blogs.sld.cu\/proyectolasmariposa\/files\/2016\/01\/DSC01806.jpg\" target=\"_blank\"><img loading=\"lazy\" class=\"aligncenter wp-image-749\" title=\"Ampliar imagen\" src=\"http:\/\/blogs.sld.cu\/proyectolasmariposa\/files\/2016\/01\/DSC01806-300x225.jpg\" alt=\"DSC01806\" width=\"143\" height=\"107\" srcset=\"https:\/\/blogs.sld.cu\/proyectolasmariposa\/files\/2016\/01\/DSC01806-300x225.jpg 300w, https:\/\/blogs.sld.cu\/proyectolasmariposa\/files\/2016\/01\/DSC01806.jpg 644w\" sizes=\"(max-width: 143px) 100vw, 143px\" \/><\/a><\/td>\n<\/tr>\n<tr>\n<td><a href=\"http:\/\/blogs.sld.cu\/proyectolasmariposa\/files\/2016\/01\/DSC01807.jpg\" target=\"_blank\"><img loading=\"lazy\" class=\"aligncenter wp-image-750\" title=\"Ampliar imagen\" src=\"http:\/\/blogs.sld.cu\/proyectolasmariposa\/files\/2016\/01\/DSC01807-300x225.jpg\" alt=\"DSC01807\" width=\"143\" height=\"107\" srcset=\"https:\/\/blogs.sld.cu\/proyectolasmariposa\/files\/2016\/01\/DSC01807-300x225.jpg 300w, https:\/\/blogs.sld.cu\/proyectolasmariposa\/files\/2016\/01\/DSC01807.jpg 644w\" sizes=\"(max-width: 143px) 100vw, 143px\" \/><\/a><\/td>\n<td><a href=\"http:\/\/blogs.sld.cu\/proyectolasmariposa\/files\/2016\/01\/DSC01816.jpg\" target=\"_blank\"><img loading=\"lazy\" class=\"aligncenter wp-image-751\" title=\"Ampliar imagen\" src=\"http:\/\/blogs.sld.cu\/proyectolasmariposa\/files\/2016\/01\/DSC01816-300x225.jpg\" alt=\"DSC01816\" width=\"143\" height=\"107\" srcset=\"https:\/\/blogs.sld.cu\/proyectolasmariposa\/files\/2016\/01\/DSC01816-300x225.jpg 300w, https:\/\/blogs.sld.cu\/proyectolasmariposa\/files\/2016\/01\/DSC01816.jpg 644w\" sizes=\"(max-width: 143px) 100vw, 143px\" \/><\/a><\/td>\n<td><a href=\"http:\/\/blogs.sld.cu\/proyectolasmariposa\/files\/2016\/01\/DSC01826.jpg\" target=\"_blank\"><img loading=\"lazy\" class=\"aligncenter wp-image-752\" title=\"Ampliar imagen\" src=\"http:\/\/blogs.sld.cu\/proyectolasmariposa\/files\/2016\/01\/DSC01826-300x225.jpg\" alt=\"DSC01826\" width=\"143\" height=\"107\" srcset=\"https:\/\/blogs.sld.cu\/proyectolasmariposa\/files\/2016\/01\/DSC01826-300x225.jpg 300w, https:\/\/blogs.sld.cu\/proyectolasmariposa\/files\/2016\/01\/DSC01826.jpg 644w\" sizes=\"(max-width: 143px) 100vw, 143px\" \/><\/a><\/td>\n<\/tr>\n<tr>\n<td><a href=\"http:\/\/blogs.sld.cu\/proyectolasmariposa\/files\/2016\/01\/DSC01827.jpg\" target=\"_blank\"><img loading=\"lazy\" class=\"aligncenter wp-image-753\" title=\"Ampliar imagen\" src=\"http:\/\/blogs.sld.cu\/proyectolasmariposa\/files\/2016\/01\/DSC01827-300x225.jpg\" alt=\"DSC01827\" width=\"143\" height=\"107\" srcset=\"https:\/\/blogs.sld.cu\/proyectolasmariposa\/files\/2016\/01\/DSC01827-300x225.jpg 300w, https:\/\/blogs.sld.cu\/proyectolasmariposa\/files\/2016\/01\/DSC01827.jpg 644w\" sizes=\"(max-width: 143px) 100vw, 143px\" \/><\/a><\/td>\n<td><\/td>\n<td><\/td>\n<\/tr>\n<\/tbody>\n<\/table>\n<p>&nbsp;<\/p>\n<p>&nbsp;<\/p>\n<p>&nbsp;<\/p>\n","protected":false},"excerpt":{"rendered":"<p>&nbsp; Hoy a 163 a\u00f1os del nacimiento de Jos\u00e9 Mart\u00ed, como hace a\u00f1oshecemos,compatimos con los ni\u00f1os y las ni\u00f1as del jardin &#8220;Rayitos de Sol&#8221;, \u00e9sta fiesta de todos los cubanos. Despu\u00e9s del recibimiento a los adultos y adultas mayores compartimos\u00a0 poesias recitadas por los ni\u00f1os\u00a0 y\u00a0 nuestra Margarita Tapia, junto a los ni\u00f1os Laura Ojeda [&hellip;]<\/p>\n","protected":false},"author":187,"featured_media":0,"comment_status":"open","ping_status":"open","sticky":false,"template":"","format":"standard","meta":[],"categories":[2],"tags":[],"_links":{"self":[{"href":"https:\/\/blogs.sld.cu\/proyectolasmariposa\/wp-json\/wp\/v2\/posts\/41"}],"collection":[{"href":"https:\/\/blogs.sld.cu\/proyectolasmariposa\/wp-json\/wp\/v2\/posts"}],"about":[{"href":"https:\/\/blogs.sld.cu\/proyectolasmariposa\/wp-json\/wp\/v2\/types\/post"}],"author":[{"embeddable":true,"href":"https:\/\/blogs.sld.cu\/proyectolasmariposa\/wp-json\/wp\/v2\/users\/187"}],"replies":[{"embeddable":true,"href":"https:\/\/blogs.sld.cu\/proyectolasmariposa\/wp-json\/wp\/v2\/comments?post=41"}],"version-history":[{"count":3,"href":"https:\/\/blogs.sld.cu\/proyectolasmariposa\/wp-json\/wp\/v2\/posts\/41\/revisions"}],"predecessor-version":[{"id":754,"href":"https:\/\/blogs.sld.cu\/proyectolasmariposa\/wp-json\/wp\/v2\/posts\/41\/revisions\/754"}],"wp:attachment":[{"href":"https:\/\/blogs.sld.cu\/proyectolasmariposa\/wp-json\/wp\/v2\/media?parent=41"}],"wp:term":[{"taxonomy":"category","embeddable":true,"href":"https:\/\/blogs.sld.cu\/proyectolasmariposa\/wp-json\/wp\/v2\/categories?post=41"},{"taxonomy":"post_tag","embeddable":true,"href":"https:\/\/blogs.sld.cu\/proyectolasmariposa\/wp-json\/wp\/v2\/tags?post=41"}],"curies":[{"name":"wp","href":"https:\/\/api.w.org\/{rel}","templated":true}]}}