{"id":593,"date":"2016-05-27T14:12:13","date_gmt":"2016-05-27T14:12:13","guid":{"rendered":"http:\/\/blogs.sld.cu\/reumatologia\/?p=593"},"modified":"2016-11-29T04:43:04","modified_gmt":"2016-11-29T04:43:04","slug":"onceno-aniversario-del-sitio-de-la-especialidad-de-reumatologia","status":"publish","type":"post","link":"https:\/\/blogs.sld.cu\/reumatologia\/2016\/05\/27\/onceno-aniversario-del-sitio-de-la-especialidad-de-reumatologia\/","title":{"rendered":"Onceno aniversario del sitio de la especialidad de reumatolog\u00eda"},"content":{"rendered":"<p>Estimados colegas, un d\u00eda como hoy, el 27 de mayo de 2005, el Grupo y la Sociedad Cubana de Reumatolog\u00eda daban a conocer la puesta en el aire de la P\u00e1gina Web de la Especialidad de Reumatolog\u00eda, utilizando los medios que nos facilitaran los servicios de Infomed para llevar a cabo esta labor.<\/p>\n<p><img loading=\"lazy\" id=\"__wp-temp-img-id\" class=\"aligncenter\" title=\"FUNDADORES DE LA SOCIEDAD CUBANA DE REUMATOLOG\u00cdA. Foto realizada en el a\u00f1o 1996 en el sal\u00f3n de conferencias del hospital CIMEQ durante la clausura del 1er Congreso Cubano de Reumatolog\u00eda, en el contexto de la fundaci\u00f3n de la Sociedad Cubana de Reumatolog\u00eda.\" src=\"http:\/\/files.sld.cu\/reuma\/files\/2012\/02\/fundadores_g.jpg\" alt=\" \" width=\"529\" height=\"284\" \/><\/p>\n<p>Durante once a\u00f1os, se ha gestionado a trav\u00e9s de la misma, informaci\u00f3n continuada y recursos docente-educativos, con el objetivo de poner al alcance de nuestros lectores, documentos cient\u00edficos que enriquezcan su acervo formativo y favorezca la apropiaci\u00f3n de nuevo conocimiento para ben\u00e9fico de su labor, cuyo fin es una mejor atenci\u00f3n profesional a los enfermos que sufren de afecciones reum\u00e1ticas.<\/p>\n<p>Como sabemos, ser\u00eda imposible sostener esta labor sin la colaboraci\u00f3n regular, de su comit\u00e9 editorial, colegas de la especialidad y otras afines, que continuamente sugieren recursos y env\u00edan contribuciones, de alto valor cient\u00edfico y actualizaci\u00f3n.<\/p>\n<p>Reciban todos congratulaciones en este nuevo aniversario, y los seguimos invitando a colaborar, para sustentar en nuestro pa\u00eds, las bases del conocimiento sobre las enfermedades reum\u00e1ticas.<\/p>\n<p>Dr. Jos\u00e9 Pedro Mar\u00ednez Larrarte<br \/>\nEditor del sitio de la especialidad de reumatolog\u00eda<\/p>\n","protected":false},"excerpt":{"rendered":"<p>Estimados colegas, un d\u00eda como hoy, el 27 de mayo de 2005, el Grupo y la Sociedad Cubana de Reumatolog\u00eda daban a conocer la puesta en el aire de la P\u00e1gina Web de la Especialidad de Reumatolog\u00eda, utilizando los medios que nos facilitaran los servicios de Infomed para llevar a cabo esta labor. Durante once [&hellip;]<\/p>\n","protected":false},"author":140,"featured_media":0,"comment_status":"open","ping_status":"open","sticky":false,"template":"","format":"standard","meta":[],"categories":[34,36],"tags":[100,35,99,101,98],"_links":{"self":[{"href":"https:\/\/blogs.sld.cu\/reumatologia\/wp-json\/wp\/v2\/posts\/593"}],"collection":[{"href":"https:\/\/blogs.sld.cu\/reumatologia\/wp-json\/wp\/v2\/posts"}],"about":[{"href":"https:\/\/blogs.sld.cu\/reumatologia\/wp-json\/wp\/v2\/types\/post"}],"author":[{"embeddable":true,"href":"https:\/\/blogs.sld.cu\/reumatologia\/wp-json\/wp\/v2\/users\/140"}],"replies":[{"embeddable":true,"href":"https:\/\/blogs.sld.cu\/reumatologia\/wp-json\/wp\/v2\/comments?post=593"}],"version-history":[{"count":5,"href":"https:\/\/blogs.sld.cu\/reumatologia\/wp-json\/wp\/v2\/posts\/593\/revisions"}],"predecessor-version":[{"id":610,"href":"https:\/\/blogs.sld.cu\/reumatologia\/wp-json\/wp\/v2\/posts\/593\/revisions\/610"}],"wp:attachment":[{"href":"https:\/\/blogs.sld.cu\/reumatologia\/wp-json\/wp\/v2\/media?parent=593"}],"wp:term":[{"taxonomy":"category","embeddable":true,"href":"https:\/\/blogs.sld.cu\/reumatologia\/wp-json\/wp\/v2\/categories?post=593"},{"taxonomy":"post_tag","embeddable":true,"href":"https:\/\/blogs.sld.cu\/reumatologia\/wp-json\/wp\/v2\/tags?post=593"}],"curies":[{"name":"wp","href":"https:\/\/api.w.org\/{rel}","templated":true}]}}