{"id":639,"date":"2017-05-18T10:41:11","date_gmt":"2017-05-18T10:41:11","guid":{"rendered":"http:\/\/blogs.sld.cu\/reumatologia\/?p=639"},"modified":"2017-05-18T12:19:27","modified_gmt":"2017-05-18T12:19:27","slug":"fibromialgia","status":"publish","type":"post","link":"https:\/\/blogs.sld.cu\/reumatologia\/2017\/05\/18\/fibromialgia\/","title":{"rendered":"Fibromialgia"},"content":{"rendered":"<p><img loading=\"lazy\" id=\"__wp-temp-img-id\" class=\" alignleft\" src=\"http:\/\/blogs.sld.cu\/reumatologia\/files\/2017\/05\/fibromialgia-imagen.jpg\" alt=\"fibromialgia puntos gatillos\" width=\"117\" height=\"170\" \/>La fibromialgia es un trastorno doloroso cr\u00f3nico de origen central, relativamente frecuente y potencialmente discapacitante, que tiene un gran impacto en la calidad de vida de los pacientes afectados y representa un importante reto terap\u00e9utico.<\/p>\n<p>ART\u00cdCULOS RELACIONADOS<\/p>\n<p><a title=\"Cambios en la resonancia cerebral asociados al s\u00edndrome de fibromialgia\" href=\"http:\/\/blogs.sld.cu\/reumatologia\/files\/2017\/05\/Cambios-en-la-resonancia-cerebral-asociados-al-s%C3%ADndrome-de-fibromialgia.pdf\" target=\"_blank\">Cambios en la resonancia cerebral asociados al s\u00edndrome de fibromialgia<\/a><\/p>\n<p><a title=\"Fibromialgia\" href=\"http:\/\/blogs.sld.cu\/reumatologia\/files\/2017\/05\/Fibromialgia.pdf\" target=\"_blank\">Fibromialgia<\/a><\/p>\n<p><a title=\"Fibromialgia y otras formas de dolor\" href=\"http:\/\/blogs.sld.cu\/reumatologia\/files\/2017\/05\/Fibromialgia-y-otras-formas-de-dolor.pdf\" target=\"_blank\">Fibromialgia y otras formas de dolor<\/a><\/p>\n<p><a title=\"Controversias en el diagn\u00f3stico de fibromialgia\" href=\"http:\/\/blogs.sld.cu\/reumatologia\/files\/2017\/05\/Controversias-en-el-diagn%C3%B3stico-de-fibromialgia.pdfhttp:\/\/\" target=\"_blank\">Controversias en el diagn\u00f3stico de fibromialgia<\/a><\/p>\n<p><a title=\"Tratamiento multidisciplinario de la fibromialgia\" href=\"http:\/\/blogs.sld.cu\/reumatologia\/files\/2017\/05\/Tratamiento-multidisciplinario-de-la-fibromialgia..pdfhttp:\/\/\" target=\"_blank\">Tratamiento multidisciplinario de la fibromialgia<\/a><\/p>\n","protected":false},"excerpt":{"rendered":"<p>La fibromialgia es un trastorno doloroso cr\u00f3nico de origen central, relativamente frecuente y potencialmente discapacitante, que tiene un gran impacto en la calidad de vida de los pacientes afectados y representa un importante reto terap\u00e9utico. ART\u00cdCULOS RELACIONADOS Cambios en la resonancia cerebral asociados al s\u00edndrome de fibromialgia Fibromialgia Fibromialgia y otras formas de dolor Controversias [&hellip;]<\/p>\n","protected":false},"author":140,"featured_media":0,"comment_status":"open","ping_status":"open","sticky":false,"template":"","format":"standard","meta":[],"categories":[69,9,26],"tags":[104],"_links":{"self":[{"href":"https:\/\/blogs.sld.cu\/reumatologia\/wp-json\/wp\/v2\/posts\/639"}],"collection":[{"href":"https:\/\/blogs.sld.cu\/reumatologia\/wp-json\/wp\/v2\/posts"}],"about":[{"href":"https:\/\/blogs.sld.cu\/reumatologia\/wp-json\/wp\/v2\/types\/post"}],"author":[{"embeddable":true,"href":"https:\/\/blogs.sld.cu\/reumatologia\/wp-json\/wp\/v2\/users\/140"}],"replies":[{"embeddable":true,"href":"https:\/\/blogs.sld.cu\/reumatologia\/wp-json\/wp\/v2\/comments?post=639"}],"version-history":[{"count":3,"href":"https:\/\/blogs.sld.cu\/reumatologia\/wp-json\/wp\/v2\/posts\/639\/revisions"}],"predecessor-version":[{"id":647,"href":"https:\/\/blogs.sld.cu\/reumatologia\/wp-json\/wp\/v2\/posts\/639\/revisions\/647"}],"wp:attachment":[{"href":"https:\/\/blogs.sld.cu\/reumatologia\/wp-json\/wp\/v2\/media?parent=639"}],"wp:term":[{"taxonomy":"category","embeddable":true,"href":"https:\/\/blogs.sld.cu\/reumatologia\/wp-json\/wp\/v2\/categories?post=639"},{"taxonomy":"post_tag","embeddable":true,"href":"https:\/\/blogs.sld.cu\/reumatologia\/wp-json\/wp\/v2\/tags?post=639"}],"curies":[{"name":"wp","href":"https:\/\/api.w.org\/{rel}","templated":true}]}}