{"id":812,"date":"2019-09-06T14:59:05","date_gmt":"2019-09-06T14:59:05","guid":{"rendered":"http:\/\/blogs.sld.cu\/reumatologia\/?p=812"},"modified":"2020-02-10T15:19:20","modified_gmt":"2020-02-10T15:19:20","slug":"revista-cubana-de-reumatologia-vol-21-no-2-2019-mayo-agosto","status":"publish","type":"post","link":"https:\/\/blogs.sld.cu\/reumatologia\/2019\/09\/06\/revista-cubana-de-reumatologia-vol-21-no-2-2019-mayo-agosto\/","title":{"rendered":"Revista Cubana de Reumatolog\u00eda; Vol. 21, No. 2 (2019): Mayo-Agosto"},"content":{"rendered":"<h3>Tabla de contenidos<\/h3>\n<h4 class=\"tocSectionTitle\">Art\u00edculo especial<\/h4>\n<div class=\"separator\"><\/div>\n<table class=\"tocArticle\">\n<tbody>\n<tr valign=\"top\">\n<td class=\"tocArticleTitle\">\n<div class=\"tocTitle\"><a class=\"tooltip\" href=\"http:\/\/www.revreumatologia.sld.cu\/index.php\/reumatologia\/article\/view\/733\">Osteomalacia. Diagn\u00f3stico y tratamiento<\/a><\/div>\n<div class=\"tocAuthors\">Jeniffer Felicita Mendoza Mass, Miguel \u00c1ngel Moreno Villavicencio, Jos\u00e9 Vicente Le\u00f3n Donoso, Mario Alberto Pati\u00f1o Aquin, Francisco Xavier Bejarano Pilay<\/div>\n<div class=\"tocPages\">P\u00e1g(s):e90<\/div>\n<div class=\"tocLecturas\">314 lecturas<\/div>\n<div class=\"tocGalleys\"><a class=\"file\" href=\"http:\/\/www.revreumatologia.sld.cu\/index.php\/reumatologia\/article\/view\/733\/pdf\">PDF<\/a> <a class=\"file\" href=\"http:\/\/www.revreumatologia.sld.cu\/index.php\/reumatologia\/article\/view\/733\/html\">HTML<\/a><\/div>\n<\/td>\n<\/tr>\n<\/tbody>\n<\/table>\n<div class=\"separator\"><\/div>\n<h4 class=\"tocSectionTitle\">Art\u00edculo original de investigaci\u00f3n<\/h4>\n<div class=\"separator\"><\/div>\n<table class=\"tocArticle\">\n<tbody>\n<tr valign=\"top\">\n<td class=\"tocArticleTitle\">\n<div class=\"tocTitle\"><a class=\"tooltip\" href=\"http:\/\/www.revreumatologia.sld.cu\/index.php\/reumatologia\/article\/view\/703\">Relaci\u00f3n entre hipotiroidismo y artritis reumatoide<\/a><\/div>\n<div class=\"tocAuthors\">Mercedes Cristina Garc\u00e9s Salazar, Daniela Monserrath Paredes Cuesta, Luis Ricardo Mart\u00ednez Gualpa<\/div>\n<div class=\"tocPages\">P\u00e1g(s):e86<\/div>\n<div class=\"tocLecturas\">2627 lecturas<\/div>\n<div class=\"tocGalleys\"><a class=\"file\" href=\"http:\/\/www.revreumatologia.sld.cu\/index.php\/reumatologia\/article\/view\/703\/pdf\">PDF<\/a> <a class=\"file\" href=\"http:\/\/www.revreumatologia.sld.cu\/index.php\/reumatologia\/article\/view\/703\/html\">HTML<\/a><\/div>\n<\/td>\n<\/tr>\n<\/tbody>\n<\/table>\n<div class=\"separator\"><\/div>\n<table class=\"tocArticle\">\n<tbody>\n<tr valign=\"top\">\n<td class=\"tocArticleTitle\">\n<div class=\"tocTitle\"><a class=\"tooltip\" href=\"http:\/\/www.revreumatologia.sld.cu\/index.php\/reumatologia\/article\/view\/695\">Caracterizaci\u00f3n cl\u00ednico epidemiol\u00f3gica de la osteoartritis en el Cant\u00f3n Colta<\/a><\/div>\n<div class=\"tocAuthors\">Roberto Iv\u00e1n Vaca Riofrio, Sandra Germania Tapia S\u00e1nchez<\/div>\n<div class=\"tocPages\">P\u00e1g(s):e82<\/div>\n<div class=\"tocLecturas\">261 lecturas<\/div>\n<div class=\"tocGalleys\"><a class=\"file\" href=\"http:\/\/www.revreumatologia.sld.cu\/index.php\/reumatologia\/article\/view\/695\/pdf\">PDF<\/a> <a class=\"file\" href=\"http:\/\/www.revreumatologia.sld.cu\/index.php\/reumatologia\/article\/view\/695\/html\">HTML<\/a><\/div>\n<\/td>\n<\/tr>\n<\/tbody>\n<\/table>\n<div class=\"separator\"><\/div>\n<p><!--more--><\/p>\n<table class=\"tocArticle\">\n<tbody>\n<tr valign=\"top\">\n<td class=\"tocArticleTitle\">\n<div class=\"tocTitle\"><a class=\"tooltip\" href=\"http:\/\/www.revreumatologia.sld.cu\/index.php\/reumatologia\/article\/view\/724\">Aplicaci\u00f3n del idioma ingles en la resoluci\u00f3n de casos cl\u00ednicos desde la perspectiva de la medicina basada en evidencia<\/a><\/div>\n<div class=\"tocAuthors\">Chirstian Eduardo Meza Fiallos, Mar\u00eda Cristhina Robalino Araujo<\/div>\n<div class=\"tocPages\">P\u00e1g(s):e81<\/div>\n<div class=\"tocLecturas\">379 lecturas<\/div>\n<div class=\"tocGalleys\"><a class=\"file\" href=\"http:\/\/www.revreumatologia.sld.cu\/index.php\/reumatologia\/article\/view\/724\/pdf\">PDF<\/a> <a class=\"file\" href=\"http:\/\/www.revreumatologia.sld.cu\/index.php\/reumatologia\/article\/view\/724\/html_1\">HTML<\/a><\/div>\n<\/td>\n<\/tr>\n<\/tbody>\n<\/table>\n<div class=\"separator\"><\/div>\n<table class=\"tocArticle\">\n<tbody>\n<tr valign=\"top\">\n<td class=\"tocArticleTitle\">\n<div class=\"tocTitle\"><a class=\"tooltip\" href=\"http:\/\/www.revreumatologia.sld.cu\/index.php\/reumatologia\/article\/view\/689\">Systemic Lupus Erythematosus. Ten years of follow up<\/a><\/div>\n<div class=\"tocAuthors\">Witjal Manuel Berm\u00fadez Marrero, Yanelis Vizcaino Luna, Celestino Fust\u00e9 Jim\u00e9nez, William Alejandro Berm\u00fadez Marrero, Zoe Alina Gonz\u00e1lez Otero, Margarita Hern\u00e1ndez Garc\u00eda<\/div>\n<div class=\"tocPages\">P\u00e1g(s):e87<\/div>\n<div class=\"tocLecturas\">137 lecturas<\/div>\n<div class=\"tocGalleys\"><a class=\"file\" href=\"http:\/\/www.revreumatologia.sld.cu\/index.php\/reumatologia\/article\/view\/689\/pdf\">PDF (English)<\/a> <a class=\"file\" href=\"http:\/\/www.revreumatologia.sld.cu\/index.php\/reumatologia\/article\/view\/689\/html\">HTML (English)<\/a><\/div>\n<\/td>\n<\/tr>\n<\/tbody>\n<\/table>\n<div class=\"separator\"><\/div>\n<table class=\"tocArticle\">\n<tbody>\n<tr valign=\"top\">\n<td class=\"tocArticleTitle\">\n<div class=\"tocTitle\"><a class=\"tooltip\" href=\"http:\/\/www.revreumatologia.sld.cu\/index.php\/reumatologia\/article\/view\/708\">Aplicaci\u00f3n del ozono interescal\u00e9nico en la radiculopat\u00eda cervical por hernia discal<\/a><\/div>\n<div class=\"tocAuthors\">Ferm\u00edn Garmendia Garc\u00eda, Yulisleydi Aget Rodr\u00edguez, Amanda Saquisili Reyes, Juli\u00e1n Gallo, Shein Nieves Marrueta, Jorge Luis Maquintoche<\/div>\n<div class=\"tocPages\">P\u00e1g(s):e62<\/div>\n<div class=\"tocLecturas\">1124 lecturas<\/div>\n<div class=\"tocGalleys\"><a class=\"file\" href=\"http:\/\/www.revreumatologia.sld.cu\/index.php\/reumatologia\/article\/view\/708\/pdf\">PDF<\/a> <a class=\"file\" href=\"http:\/\/www.revreumatologia.sld.cu\/index.php\/reumatologia\/article\/view\/708\/html\">HTML<\/a><\/div>\n<\/td>\n<\/tr>\n<\/tbody>\n<\/table>\n<div class=\"separator\"><\/div>\n<table class=\"tocArticle\">\n<tbody>\n<tr valign=\"top\">\n<td class=\"tocArticleTitle\">\n<div class=\"tocTitle\"><a class=\"tooltip\" href=\"http:\/\/www.revreumatologia.sld.cu\/index.php\/reumatologia\/article\/view\/675\">Medici\u00f3n de la actividad l\u00fapica y da\u00f1o acumulado en pacientes con lupus eritematoso sist\u00e9mico<\/a><\/div>\n<div class=\"tocAuthors\">Daniel Alejandro Vera-Rivero, Leonel Chirino-S\u00e1nchez, Ariel Mart\u00ednez Lastre<\/div>\n<div class=\"tocPages\">P\u00e1g(s):e88<\/div>\n<div class=\"tocLecturas\">1043 lecturas<\/div>\n<div class=\"tocGalleys\"><a class=\"file\" href=\"http:\/\/www.revreumatologia.sld.cu\/index.php\/reumatologia\/article\/view\/675\/pdf\">PDF<\/a> <a class=\"file\" href=\"http:\/\/www.revreumatologia.sld.cu\/index.php\/reumatologia\/article\/view\/675\/html\">HTML<\/a><\/div>\n<\/td>\n<\/tr>\n<\/tbody>\n<\/table>\n<div class=\"separator\"><\/div>\n<h4 class=\"tocSectionTitle\">Art\u00edculo de revisi\u00f3n<\/h4>\n<div class=\"separator\"><\/div>\n<table class=\"tocArticle\">\n<tbody>\n<tr valign=\"top\">\n<td class=\"tocArticleTitle\">\n<div class=\"tocTitle\"><a class=\"tooltip\" href=\"http:\/\/www.revreumatologia.sld.cu\/index.php\/reumatologia\/article\/view\/706\">Dolor cr\u00f3nico en el paciente reum\u00e1tico<\/a><\/div>\n<div class=\"tocAuthors\">Erika Fabiola Vite Vera, Mercedes Catalina S\u00e1enz Bravo, Leydi Diana Moreira Cede\u00f1o, Diana Carolina Sol\u00eds Alc\u00edvar, Mar\u00eda Fernanda Romero Ar\u00e9valo, Mariuxi Stefan\u00eda Mac\u00edas Cede\u00f1o<\/div>\n<div class=\"tocPages\">P\u00e1g(s):e85<\/div>\n<div class=\"tocLecturas\">390 lecturas<\/div>\n<div class=\"tocGalleys\"><a class=\"file\" href=\"http:\/\/www.revreumatologia.sld.cu\/index.php\/reumatologia\/article\/view\/706\/pdf\">PDF<\/a> <a class=\"file\" href=\"http:\/\/www.revreumatologia.sld.cu\/index.php\/reumatologia\/article\/view\/706\/html\">HTML<\/a><\/div>\n<\/td>\n<\/tr>\n<\/tbody>\n<\/table>\n<div class=\"separator\"><\/div>\n<table class=\"tocArticle\">\n<tbody>\n<tr valign=\"top\">\n<td class=\"tocArticleTitle\">\n<div class=\"tocTitle\"><a class=\"tooltip\" href=\"http:\/\/www.revreumatologia.sld.cu\/index.php\/reumatologia\/article\/view\/738\">Osteoartrosis. Una revisi\u00f3n de literatura<\/a><\/div>\n<div class=\"tocAuthors\">Franciscoavier Javier Viteri Tapia, Daniel Alejandro Mu\u00f1oz Su\u00e1rez, Giovanny Javier Rosales P\u00e9rez, Jonathan Paul Hern\u00e1ndez Izurieta, Johanna Sof\u00eda Jaramillo Villalobos, C\u00e9sar Wilfrido Cort\u00e9s Naranjo<\/div>\n<div class=\"tocPages\">P\u00e1g(s):e91<\/div>\n<div class=\"tocLecturas\">533 lecturas<\/div>\n<div class=\"tocGalleys\"><a class=\"file\" href=\"http:\/\/www.revreumatologia.sld.cu\/index.php\/reumatologia\/article\/view\/738\/pdf\">PDF<\/a> <a class=\"file\" href=\"http:\/\/www.revreumatologia.sld.cu\/index.php\/reumatologia\/article\/view\/738\/html\">HTML<\/a><\/div>\n<\/td>\n<\/tr>\n<\/tbody>\n<\/table>\n<div class=\"separator\"><\/div>\n<table class=\"tocArticle\">\n<tbody>\n<tr valign=\"top\">\n<td class=\"tocArticleTitle\">\n<div class=\"tocTitle\"><a class=\"tooltip\" href=\"http:\/\/www.revreumatologia.sld.cu\/index.php\/reumatologia\/article\/view\/728\">Monoartritis aguda. Urgencia en la atenci\u00f3n reumatol\u00f3gica<\/a><\/div>\n<div class=\"tocAuthors\">Jonathan Adri\u00e1n Velasco Bustamante, Dagmar Lizbeth Velasco Bustamante, Galo Alejandro Baquero Vallejo, Jessica Lizeth Gomez Valverde, Marco Andr\u00e9s Villacres Pinza, Karina Alejandra Jinez Coca<\/div>\n<div class=\"tocPages\">P\u00e1g(s):e92<\/div>\n<div class=\"tocLecturas\">200 lecturas<\/div>\n<div class=\"tocGalleys\"><a class=\"file\" href=\"http:\/\/www.revreumatologia.sld.cu\/index.php\/reumatologia\/article\/view\/728\/pdf\">PDF<\/a> <a class=\"file\" href=\"http:\/\/www.revreumatologia.sld.cu\/index.php\/reumatologia\/article\/view\/728\/html\">HTML<\/a><\/div>\n<\/td>\n<\/tr>\n<\/tbody>\n<\/table>\n<div class=\"separator\"><\/div>\n<table class=\"tocArticle\">\n<tbody>\n<tr valign=\"top\">\n<td class=\"tocArticleTitle\">\n<div class=\"tocTitle\"><a class=\"tooltip\" href=\"http:\/\/www.revreumatologia.sld.cu\/index.php\/reumatologia\/article\/view\/620\">Dermatomiositis juvenil. Sistematizaci\u00f3n de casos<\/a><\/div>\n<div class=\"tocAuthors\">Paulina \u00c1lvarez Mena, Lincoln S\u00e1nchez Villac\u00eds, Paola Benavides Bautist, Victoria Manzano P\u00e9rez, Danny Zambrano Jord\u00e1n<\/div>\n<div class=\"tocPages\">P\u00e1g(s):e60<\/div>\n<div class=\"tocLecturas\">558 lecturas<\/div>\n<div class=\"tocGalleys\"><a class=\"file\" href=\"http:\/\/www.revreumatologia.sld.cu\/index.php\/reumatologia\/article\/view\/620\/pdf\">PDF<\/a> <a class=\"file\" href=\"http:\/\/www.revreumatologia.sld.cu\/index.php\/reumatologia\/article\/view\/620\/html\">HTML<\/a><\/div>\n<\/td>\n<\/tr>\n<\/tbody>\n<\/table>\n<div class=\"separator\"><\/div>\n<h4 class=\"tocSectionTitle\">Art\u00edculo de opini\u00f3n y an\u00e1lisis<\/h4>\n<div class=\"separator\"><\/div>\n<table class=\"tocArticle\">\n<tbody>\n<tr valign=\"top\">\n<td class=\"tocArticleTitle\">\n<div class=\"tocTitle\"><a class=\"tooltip\" href=\"http:\/\/www.revreumatologia.sld.cu\/index.php\/reumatologia\/article\/view\/712\">Utilidad de la determinaci\u00f3n de anticuerpos en el diagn\u00f3stico de las enfermedades reum\u00e1ticas<\/a><\/div>\n<div class=\"tocAuthors\">Alba Alexandra Mej\u00eda Navarro, Juan Carlos Mej\u00eda Navarro, Segundo Melchor Tenorio Correa<\/div>\n<div class=\"tocPages\">P\u00e1g(s):e83<\/div>\n<div class=\"tocLecturas\">493 lecturas<\/div>\n<div class=\"tocGalleys\"><a class=\"file\" href=\"http:\/\/www.revreumatologia.sld.cu\/index.php\/reumatologia\/article\/view\/712\/html\">PDF<\/a> <a class=\"file\" href=\"http:\/\/www.revreumatologia.sld.cu\/index.php\/reumatologia\/article\/view\/712\/html_1\">HTML<\/a><\/div>\n<\/td>\n<\/tr>\n<\/tbody>\n<\/table>\n<div class=\"separator\"><\/div>\n<table class=\"tocArticle\">\n<tbody>\n<tr valign=\"top\">\n<td class=\"tocArticleTitle\">\n<div class=\"tocTitle\"><a class=\"tooltip\" href=\"http:\/\/www.revreumatologia.sld.cu\/index.php\/reumatologia\/article\/view\/735\">Fibromialgia. Avances en su tratamiento<\/a><\/div>\n<div class=\"tocAuthors\">Mayra Gisell \u00c1lvarez Mena, Paulina Rosa \u00c1lvarez Mena, Mar\u00eda Jos\u00e9 Montes Reina, Edgar Patricio Castillo Jumbo, Johana Mafla Andrade<\/div>\n<div class=\"tocPages\">P\u00e1g(s):e93<\/div>\n<div class=\"tocLecturas\">1334 lecturas<\/div>\n<div class=\"tocGalleys\"><a class=\"file\" href=\"http:\/\/www.revreumatologia.sld.cu\/index.php\/reumatologia\/article\/view\/735\/pdf\">PDF<\/a> <a class=\"file\" href=\"http:\/\/www.revreumatologia.sld.cu\/index.php\/reumatologia\/article\/view\/735\/html\">HTML<\/a><\/div>\n<\/td>\n<\/tr>\n<\/tbody>\n<\/table>\n<div class=\"separator\"><\/div>\n<table class=\"tocArticle\">\n<tbody>\n<tr valign=\"top\">\n<td class=\"tocArticleTitle\">\n<div class=\"tocTitle\"><a class=\"tooltip\" href=\"http:\/\/www.revreumatologia.sld.cu\/index.php\/reumatologia\/article\/view\/730\">La observaci\u00f3n. Primer eslab\u00f3n del m\u00e9todo cl\u00ednico<\/a><\/div>\n<div class=\"tocAuthors\">Andrea Estefania L\u00f3pez Palma, Ximena Gabriela Ben\u00edtez Hurtado, Mar\u00eda Jos\u00e9 Leon Ron, Pedro Jose Maji Mozo, Daniel Roberto Dominguez Montoya, Domenica Fernanda Baez Qui\u00f1\u00f3nez V<\/div>\n<div class=\"tocPages\">P\u00e1g(s):e94<\/div>\n<div class=\"tocLecturas\">162 lecturas<\/div>\n<div class=\"tocGalleys\"><a class=\"file\" href=\"http:\/\/www.revreumatologia.sld.cu\/index.php\/reumatologia\/article\/view\/730\/pdf\">PDF<\/a> <a class=\"file\" href=\"http:\/\/www.revreumatologia.sld.cu\/index.php\/reumatologia\/article\/view\/730\/html\">HTML<\/a><\/div>\n<\/td>\n<\/tr>\n<\/tbody>\n<\/table>\n<div class=\"separator\"><\/div>\n<h4 class=\"tocSectionTitle\">Comunicaci\u00f3n corta<\/h4>\n<div class=\"separator\"><\/div>\n<table class=\"tocArticle\">\n<tbody>\n<tr valign=\"top\">\n<td class=\"tocArticleTitle\">\n<div class=\"tocTitle\"><a class=\"tooltip\" href=\"http:\/\/www.revreumatologia.sld.cu\/index.php\/reumatologia\/article\/view\/674\">La melatonina y su rol en los procesos inflamatorios<\/a><\/div>\n<div class=\"tocAuthors\">Maricarmen Gonz\u00e1lez Costa, Alexander Ariel Padr\u00f3n Gonz\u00e1lez<\/div>\n<div class=\"tocPages\">P\u00e1g(s):e89<\/div>\n<div class=\"tocLecturas\">664 lecturas<\/div>\n<div class=\"tocGalleys\"><a class=\"file\" href=\"http:\/\/www.revreumatologia.sld.cu\/index.php\/reumatologia\/article\/view\/674\/pdf\">PDF<\/a> <a class=\"file\" href=\"http:\/\/www.revreumatologia.sld.cu\/index.php\/reumatologia\/article\/view\/674\/html\">HTML<\/a><\/div>\n<\/td>\n<\/tr>\n<\/tbody>\n<\/table>\n<div class=\"separator\"><\/div>\n<table class=\"tocArticle\">\n<tbody>\n<tr valign=\"top\">\n<td class=\"tocArticleTitle\">\n<div class=\"tocTitle\"><a class=\"tooltip\" href=\"http:\/\/www.revreumatologia.sld.cu\/index.php\/reumatologia\/article\/view\/758\">Filosof\u00eda y \u00e9tica del aula virtual de reumatolog\u00eda Manuel Lombas Garc\u00eda<\/a><\/div>\n<div class=\"tocAuthors\">Jos\u00e9 Pedro Mart\u00ednez Larrarte<\/div>\n<div class=\"tocPages\">P\u00e1g(s):e109<\/div>\n<div class=\"tocLecturas\">22 lecturas<\/div>\n<div class=\"tocGalleys\"><a class=\"file\" href=\"http:\/\/www.revreumatologia.sld.cu\/index.php\/reumatologia\/article\/view\/758\/html\">HTML<\/a> <a class=\"file\" href=\"http:\/\/www.revreumatologia.sld.cu\/index.php\/reumatologia\/article\/view\/758\/pdf\">PDF<\/a><\/div>\n<\/td>\n<\/tr>\n<\/tbody>\n<\/table>\n<div class=\"separator\"><\/div>\n<h4 class=\"tocSectionTitle\">Art\u00edculo docente pedag\u00f3gico<\/h4>\n<div class=\"separator\"><\/div>\n<table class=\"tocArticle\">\n<tbody>\n<tr valign=\"top\">\n<td class=\"tocArticleTitle\">\n<div class=\"tocTitle\"><a class=\"tooltip\" href=\"http:\/\/www.revreumatologia.sld.cu\/index.php\/reumatologia\/article\/view\/685\">Ense\u00f1anza del Yoga como t\u00e9cnica para disminuir los niveles de estr\u00e9s en estudiantes de pregrado de la facultad de Salud P\u00fablica<\/a><\/div>\n<div class=\"tocAuthors\">Eileen Rosa Escobar Zurita, Silvia Patricia Herrera Cisneros, Iv\u00e1n Ernesto Obreg\u00f3n Veloz<\/div>\n<div class=\"tocPages\">P\u00e1g(s):e84<\/div>\n<div class=\"tocLecturas\">498 lecturas<\/div>\n<div class=\"tocGalleys\"><a class=\"file\" href=\"http:\/\/www.revreumatologia.sld.cu\/index.php\/reumatologia\/article\/view\/685\/html\">PDF<\/a> <a class=\"file\" href=\"http:\/\/www.revreumatologia.sld.cu\/index.php\/reumatologia\/article\/view\/685\/html_1\">HTML<\/a><\/div>\n<\/td>\n<\/tr>\n<\/tbody>\n<\/table>\n<div class=\"separator\"><\/div>\n<h4 class=\"tocSectionTitle\">Programa de eventos<\/h4>\n<div class=\"separator\"><\/div>\n<table class=\"tocArticle\">\n<tbody>\n<tr valign=\"top\">\n<td class=\"tocArticleTitle\">\n<div class=\"tocTitle\"><a class=\"tooltip\" href=\"http:\/\/www.revreumatologia.sld.cu\/index.php\/reumatologia\/article\/view\/765\">IV Jornada Cient\u00edfica Provincial de Reumatolog\u00eda-Reuma-VILLA 2019<\/a><\/div>\n<div class=\"tocAuthors\">Sociedad Cubana de Reumatolog\u00eda<\/div>\n<div class=\"tocPages\">P\u00e1g(s):e119<\/div>\n<div class=\"tocLecturas\">17 lecturas<\/div>\n<div class=\"tocGalleys\"><a class=\"file\" href=\"http:\/\/www.revreumatologia.sld.cu\/index.php\/reumatologia\/article\/view\/765\/pdf\">PDF<\/a> <a class=\"file\" href=\"http:\/\/www.revreumatologia.sld.cu\/index.php\/reumatologia\/article\/view\/765\/html\">HTML<\/a><\/div>\n<\/td>\n<\/tr>\n<\/tbody>\n<\/table>\n","protected":false},"excerpt":{"rendered":"<p>Tabla de contenidos Art\u00edculo especial Osteomalacia. Diagn\u00f3stico y tratamiento Jeniffer Felicita Mendoza Mass, Miguel \u00c1ngel Moreno Villavicencio, Jos\u00e9 Vicente Le\u00f3n Donoso, Mario Alberto Pati\u00f1o Aquin, Francisco Xavier Bejarano Pilay P\u00e1g(s):e90 314 lecturas PDF HTML Art\u00edculo original de investigaci\u00f3n Relaci\u00f3n entre hipotiroidismo y artritis reumatoide Mercedes Cristina Garc\u00e9s Salazar, Daniela Monserrath Paredes Cuesta, Luis Ricardo Mart\u00ednez [&hellip;]<\/p>\n","protected":false},"author":140,"featured_media":0,"comment_status":"open","ping_status":"open","sticky":false,"template":"","format":"standard","meta":[],"categories":[24,21,25],"tags":[190,188],"_links":{"self":[{"href":"https:\/\/blogs.sld.cu\/reumatologia\/wp-json\/wp\/v2\/posts\/812"}],"collection":[{"href":"https:\/\/blogs.sld.cu\/reumatologia\/wp-json\/wp\/v2\/posts"}],"about":[{"href":"https:\/\/blogs.sld.cu\/reumatologia\/wp-json\/wp\/v2\/types\/post"}],"author":[{"embeddable":true,"href":"https:\/\/blogs.sld.cu\/reumatologia\/wp-json\/wp\/v2\/users\/140"}],"replies":[{"embeddable":true,"href":"https:\/\/blogs.sld.cu\/reumatologia\/wp-json\/wp\/v2\/comments?post=812"}],"version-history":[{"count":2,"href":"https:\/\/blogs.sld.cu\/reumatologia\/wp-json\/wp\/v2\/posts\/812\/revisions"}],"predecessor-version":[{"id":814,"href":"https:\/\/blogs.sld.cu\/reumatologia\/wp-json\/wp\/v2\/posts\/812\/revisions\/814"}],"wp:attachment":[{"href":"https:\/\/blogs.sld.cu\/reumatologia\/wp-json\/wp\/v2\/media?parent=812"}],"wp:term":[{"taxonomy":"category","embeddable":true,"href":"https:\/\/blogs.sld.cu\/reumatologia\/wp-json\/wp\/v2\/categories?post=812"},{"taxonomy":"post_tag","embeddable":true,"href":"https:\/\/blogs.sld.cu\/reumatologia\/wp-json\/wp\/v2\/tags?post=812"}],"curies":[{"name":"wp","href":"https:\/\/api.w.org\/{rel}","templated":true}]}}