{"id":262,"date":"2017-03-15T15:07:40","date_gmt":"2017-03-15T19:07:40","guid":{"rendered":"http:\/\/blogviejo.sld.cu\/serrevir\/?p=262"},"modified":"2020-01-27T18:23:20","modified_gmt":"2020-01-27T18:23:20","slug":"nuevo-titulo-publicado-por-la-editorial-ecimed","status":"publish","type":"post","link":"https:\/\/blogs.sld.cu\/serrevir\/2017\/03\/15\/nuevo-titulo-publicado-por-la-editorial-ecimed\/","title":{"rendered":"Nuevo t\u00edtulo publicado por la Editorial Ecimed"},"content":{"rendered":"<p><a href=\"http:\/\/blogs.sld.cu\/serrevir\/files\/2017\/03\/cubierta_web1.jpg\"><img loading=\"lazy\" class=\"alignleft size-full wp-image-263\" src=\"http:\/\/blogs.sld.cu\/serrevir\/files\/2017\/03\/cubierta_web1.jpg\" alt=\"\" width=\"107\" height=\"138\" \/><\/a><\/p>\n<p>La editorial Ecimed, pone a disposici\u00f3n de especialistas y residentes de otorrinolaringolog\u00eda, radiolog\u00eda, neurolog\u00eda y neurocirug\u00eda, as\u00ed como a los licenciados en radiolog\u00eda y logofonoaudiolog\u00eda, el libro: \u201c<a href=\"http:\/\/www.bvs.sld.cu\/libros_texto\/oido\/indice_p.htm\" target=\"_blank\">O\u00eddo. Imaginolog\u00eda y fisiolog\u00eda<\/a>\u201d de los profesores Orlando Valls y las Dras. Mar\u00eda del Carmen Hern\u00e1ndez y Mar\u00eda Edelmira Parrilla.<\/p>\n<p>Los autores logran hacer una integraci\u00f3n de la imaginolog\u00eda con las alteraciones del o\u00eddo normal y patol\u00f3gico, al poner de manifiesto los mecanismos que intervienen en la integraci\u00f3n funcional de ese \u00f3rgano de los sentidos y las acciones que se realizan en \u00e9l.<\/p>\n<p>El libro adem\u00e1s de poseer una magn\u00edfica ilustraci\u00f3n, contiene una bibliograf\u00eda muy actualizada. Como bien dijera su prologuista, el profesor Bartolom\u00e9 Arce Hidalgo: \u201c<em>este libro constituye el primer texto donde se combinan los hallazgos en imaginolog\u00eda y fisiolog\u00eda\u201d.<\/em><\/p>\n","protected":false},"excerpt":{"rendered":"<p>La editorial Ecimed, pone a disposici\u00f3n de especialistas y residentes de otorrinolaringolog\u00eda, radiolog\u00eda, neurolog\u00eda y neurocirug\u00eda, as\u00ed como a los licenciados en radiolog\u00eda y logofonoaudiolog\u00eda, el libro: \u201cO\u00eddo. Imaginolog\u00eda y fisiolog\u00eda\u201d de los profesores Orlando Valls y las Dras. Mar\u00eda del Carmen Hern\u00e1ndez y Mar\u00eda Edelmira Parrilla. Los autores logran hacer una integraci\u00f3n de la [&hellip;]<\/p>\n","protected":false},"author":191,"featured_media":0,"comment_status":"open","ping_status":"open","sticky":false,"template":"","format":"standard","meta":[],"categories":[9,11],"tags":[18,30,29,24],"_links":{"self":[{"href":"https:\/\/blogs.sld.cu\/serrevir\/wp-json\/wp\/v2\/posts\/262"}],"collection":[{"href":"https:\/\/blogs.sld.cu\/serrevir\/wp-json\/wp\/v2\/posts"}],"about":[{"href":"https:\/\/blogs.sld.cu\/serrevir\/wp-json\/wp\/v2\/types\/post"}],"author":[{"embeddable":true,"href":"https:\/\/blogs.sld.cu\/serrevir\/wp-json\/wp\/v2\/users\/191"}],"replies":[{"embeddable":true,"href":"https:\/\/blogs.sld.cu\/serrevir\/wp-json\/wp\/v2\/comments?post=262"}],"version-history":[{"count":1,"href":"https:\/\/blogs.sld.cu\/serrevir\/wp-json\/wp\/v2\/posts\/262\/revisions"}],"predecessor-version":[{"id":346,"href":"https:\/\/blogs.sld.cu\/serrevir\/wp-json\/wp\/v2\/posts\/262\/revisions\/346"}],"wp:attachment":[{"href":"https:\/\/blogs.sld.cu\/serrevir\/wp-json\/wp\/v2\/media?parent=262"}],"wp:term":[{"taxonomy":"category","embeddable":true,"href":"https:\/\/blogs.sld.cu\/serrevir\/wp-json\/wp\/v2\/categories?post=262"},{"taxonomy":"post_tag","embeddable":true,"href":"https:\/\/blogs.sld.cu\/serrevir\/wp-json\/wp\/v2\/tags?post=262"}],"curies":[{"name":"wp","href":"https:\/\/api.w.org\/{rel}","templated":true}]}}