{"id":465,"date":"2009-08-29T15:16:35","date_gmt":"2009-08-29T19:16:35","guid":{"rendered":"http:\/\/blogviejo.sld.cu\/stgomles\/?p=465"},"modified":"2009-08-29T15:16:35","modified_gmt":"2009-08-29T19:16:35","slug":"the-neutral-zone-revisited-from-historical-concepts-to-modern-application","status":"publish","type":"post","link":"https:\/\/blogs.sld.cu\/stgomles\/2009\/08\/29\/the-neutral-zone-revisited-from-historical-concepts-to-modern-application\/","title":{"rendered":"The neutral zone revisited: From historical concepts to modern application"},"content":{"rendered":"<p><a href=\"http:\/\/blogs.sld.cu\/stgomles\/files\/2009\/08\/the-neutral-zone-revisited.pdf\" target=\"_blank\">The neutral zone revisited: From historical concepts to modern application. <\/a><\/p>\n<p>Importante art\u00edculo sobre el desaf\u00edo que representa rehabilitar con pr\u00f3tesis total a pacientes con reborde residual atrofiado.\u00a0 Actualmente se tiende a solucionar esto con implantes y se olvida que la pr\u00f3tesis, (est\u00e9 retenida por implantes o no) debe tener contornos fisiol\u00f3gicamente \u00f3ptimos y la colocaci\u00f3n de los dientes debe ser fisiol\u00f3gicamente apropiada en el montaje.<\/p>\n<p>Adem\u00e1s se ofrece una moderna t\u00e9cnica para registrar la posici\u00f3n fisiol\u00f3gica de los dientes y los contornos de la pr\u00f3tesis, v\u00e1lida sobre todo para las rehabilitaciones convencionales de pr\u00f3tesis totales.<\/p>\n<p>Todo con excelentes\u00a0 ilustraciones. Lo recomendamos. <a href=\"http:\/\/blogs.sld.cu\/stgomles\/files\/2008\/11\/icon_pdf.gif\"><img loading=\"lazy\" class=\"alignnone size-full wp-image-10\" src=\"http:\/\/blogs.sld.cu\/stgomles\/files\/2008\/11\/icon_pdf.gif\" alt=\"icon_pdf.gif\" width=\"23\" height=\"9\" \/><\/a> 379 Kb.<\/p>\n","protected":false},"excerpt":{"rendered":"<p>The neutral zone revisited: From historical concepts to modern application. Importante art\u00edculo sobre el desaf\u00edo que representa rehabilitar con pr\u00f3tesis total a pacientes con reborde residual atrofiado.\u00a0 Actualmente se tiende a solucionar esto con implantes y se olvida que la pr\u00f3tesis, (est\u00e9 retenida por implantes o no) debe tener contornos fisiol\u00f3gicamente \u00f3ptimos y la colocaci\u00f3n [&hellip;]<\/p>\n","protected":false},"author":155,"featured_media":0,"comment_status":"open","ping_status":"open","sticky":false,"template":"","format":"standard","meta":[],"categories":[12,16,25],"tags":[],"_links":{"self":[{"href":"https:\/\/blogs.sld.cu\/stgomles\/wp-json\/wp\/v2\/posts\/465"}],"collection":[{"href":"https:\/\/blogs.sld.cu\/stgomles\/wp-json\/wp\/v2\/posts"}],"about":[{"href":"https:\/\/blogs.sld.cu\/stgomles\/wp-json\/wp\/v2\/types\/post"}],"author":[{"embeddable":true,"href":"https:\/\/blogs.sld.cu\/stgomles\/wp-json\/wp\/v2\/users\/155"}],"replies":[{"embeddable":true,"href":"https:\/\/blogs.sld.cu\/stgomles\/wp-json\/wp\/v2\/comments?post=465"}],"version-history":[{"count":0,"href":"https:\/\/blogs.sld.cu\/stgomles\/wp-json\/wp\/v2\/posts\/465\/revisions"}],"wp:attachment":[{"href":"https:\/\/blogs.sld.cu\/stgomles\/wp-json\/wp\/v2\/media?parent=465"}],"wp:term":[{"taxonomy":"category","embeddable":true,"href":"https:\/\/blogs.sld.cu\/stgomles\/wp-json\/wp\/v2\/categories?post=465"},{"taxonomy":"post_tag","embeddable":true,"href":"https:\/\/blogs.sld.cu\/stgomles\/wp-json\/wp\/v2\/tags?post=465"}],"curies":[{"name":"wp","href":"https:\/\/api.w.org\/{rel}","templated":true}]}}