{"id":265,"date":"2012-03-15T11:22:32","date_gmt":"2012-03-15T16:22:32","guid":{"rendered":"http:\/\/blogviejo.sld.cu\/taiz\/?p=265"},"modified":"2012-03-15T11:22:32","modified_gmt":"2012-03-15T16:22:32","slug":"siglas-escritura-de-su-desarrollo","status":"publish","type":"post","link":"https:\/\/blogs.sld.cu\/taiz\/2012\/03\/15\/siglas-escritura-de-su-desarrollo\/","title":{"rendered":"Siglas: escritura de su desarrollo"},"content":{"rendered":"<p style=\"text-align: justify\">El desarrollo de<strong> una sigla\u00a0se escribe con min\u00fasculas si est\u00e1 formada por\u00a0nombres comunes.<\/strong><\/p>\n<p style=\"text-align: justify\">As\u00ed, en frases como \u00abDescartada una subida del Impuesto sobre el Valor  A\u00f1adido (IVA)\u00bb y\u00a0\u00a0\u00abEspa\u00f1a entrar\u00e1 en recesi\u00f3n y su Producto Interior  Bruto (PIB) se contraer\u00e1\u00a0un 1 %\u00bb\u00a0lo apropiado hubiera\u00a0sido escribir <em>impuesto sobre el valor a\u00f1adido\u00a0 y producto interior bruto<\/em>, pues en ambos casos los nombres\u00a0son comunes y, por tanto, se escriben con min\u00fascula.<\/p>\n<p style=\"text-align: justify\">En cambio, <strong>siglas como\u00a0ONU o CGPJ<\/strong>, cuando aparecen desarrolladas van <strong>con may\u00fasculas por ser nombres propios<\/strong>: <em>Organizaci\u00f3n de la Naciones Unida<\/em>s y <em>Consejo General del Poder Judicial<\/em>.<\/p>\n<h3 style=\"text-align: justify\">Fuente<\/h3>\n<p style=\"text-align: justify\"><a href=\"http:\/\/www.fundeu.es\/\" target=\"_blank\">Fund\u00e9u BBVA<\/a><\/p>\n","protected":false},"excerpt":{"rendered":"<p>El desarrollo de una sigla\u00a0se escribe con min\u00fasculas si est\u00e1 formada por\u00a0nombres comunes. As\u00ed, en frases como \u00abDescartada una subida del Impuesto sobre el Valor A\u00f1adido (IVA)\u00bb y\u00a0\u00a0\u00abEspa\u00f1a entrar\u00e1 en recesi\u00f3n y su Producto Interior Bruto (PIB) se contraer\u00e1\u00a0un 1 %\u00bb\u00a0lo apropiado hubiera\u00a0sido escribir impuesto sobre el valor a\u00f1adido\u00a0 y producto interior bruto, pues en [&hellip;]<\/p>\n","protected":false},"author":122,"featured_media":0,"comment_status":"open","ping_status":"closed","sticky":false,"template":"","format":"standard","meta":[],"categories":[8],"tags":[56],"_links":{"self":[{"href":"https:\/\/blogs.sld.cu\/taiz\/wp-json\/wp\/v2\/posts\/265"}],"collection":[{"href":"https:\/\/blogs.sld.cu\/taiz\/wp-json\/wp\/v2\/posts"}],"about":[{"href":"https:\/\/blogs.sld.cu\/taiz\/wp-json\/wp\/v2\/types\/post"}],"author":[{"embeddable":true,"href":"https:\/\/blogs.sld.cu\/taiz\/wp-json\/wp\/v2\/users\/122"}],"replies":[{"embeddable":true,"href":"https:\/\/blogs.sld.cu\/taiz\/wp-json\/wp\/v2\/comments?post=265"}],"version-history":[{"count":0,"href":"https:\/\/blogs.sld.cu\/taiz\/wp-json\/wp\/v2\/posts\/265\/revisions"}],"wp:attachment":[{"href":"https:\/\/blogs.sld.cu\/taiz\/wp-json\/wp\/v2\/media?parent=265"}],"wp:term":[{"taxonomy":"category","embeddable":true,"href":"https:\/\/blogs.sld.cu\/taiz\/wp-json\/wp\/v2\/categories?post=265"},{"taxonomy":"post_tag","embeddable":true,"href":"https:\/\/blogs.sld.cu\/taiz\/wp-json\/wp\/v2\/tags?post=265"}],"curies":[{"name":"wp","href":"https:\/\/api.w.org\/{rel}","templated":true}]}}