{"id":949,"date":"2015-08-07T13:26:44","date_gmt":"2015-08-07T13:26:44","guid":{"rendered":"http:\/\/blogs.sld.cu\/taiz\/?p=949"},"modified":"2019-03-29T20:59:21","modified_gmt":"2019-03-29T20:59:21","slug":"tilde-diacritica-uso","status":"publish","type":"post","link":"https:\/\/blogs.sld.cu\/taiz\/2015\/08\/07\/tilde-diacritica-uso\/","title":{"rendered":"Tilde diacr\u00edtica, uso"},"content":{"rendered":"<p style=\"text-align: justify\"><img loading=\"lazy\" class=\"alignleft wp-image-731\" style=\"border-width: 0px;margin: 3px\" title=\"Escribir bien tambi\u00e9n es bueno\" src=\"https:\/\/blogs.sld.cu\/taiz\/files\/2013\/08\/pluma-escribiendo.jpg\" alt=\"Escribir bien tambi\u00e9n es bueno\" width=\"150\" height=\"152\" \/>La<strong> tilde diacr\u00edtica <\/strong>es la que permite distinguir<strong> palabras que se escriben igual, <\/strong>pero que tienen significados distintos<strong> y presentan diferente pronunciaci\u00f3n.\u00a0<\/strong>En este sentido, la\u00a0<em>Ortograf\u00eda de la lengua espa\u00f1ola\u00a0<\/em>se\u00f1ala que la <a href=\"http:\/\/aplica.rae.es\/orweb\/cgi-bin\/v.cgi?i=QebkRpTHYLqdrRgV\" target=\"_blank\">tilde diacr\u00edtica<\/a> se utiliza \u00aba fin de diferenciar en la escritura ciertas palabras de igual forma, pero distinto significado, que se oponen entre s\u00ed por ser una de ellas t\u00f3nica y la otra \u00e1tona\u00bb y que generalmente pertenecen a categor\u00edas gramaticales distintas.<!--more--><\/p>\n<p style=\"text-align: justify\">La <strong>lista de monos\u00edlabos<\/strong> con tilde diacr\u00edtica es la siguiente:<\/p>\n<p style=\"text-align: justify\">1. <em>T\u00fa\u00a0<\/em>(pronombre personal), frente a\u00a0<em>tu\u00a0<\/em>(adjetivo posesivo): \u00abT\u00fa tienes muy claro c\u00f3mo planear tu futuro\u00bb.<\/p>\n<p style=\"text-align: justify\">2.<em>\u00a0\u00c9l\u00a0<\/em>(pronombre personal), frente a\u00a0<em>el\u00a0<\/em>(art\u00edculo): \u00ab\u00c9l siempre elige el camino m\u00e1s corto\u00bb.<\/p>\n<p style=\"text-align: justify\">3.<em>\u00a0M\u00ed\u00a0<\/em>(pronombre personal), frente a\u00a0<em>mi\u00a0<\/em>(adjetivo posesivo):\u00a0\u00abPara m\u00ed es importante que te acuerdes de que es mi cumplea\u00f1os\u00bb.<\/p>\n<p style=\"text-align: justify\">4.<em>\u00a0S\u00ed\u00a0<\/em>(pronombre personal, adverbio de afirmaci\u00f3n o sustantivo), frente a\u00a0<em>si\u00a0<\/em>(conjunci\u00f3n o nota musical):\u00a0\u00abS\u00ed, el otro d\u00eda se me olvid\u00f3 comprobar si hab\u00eda apagado la televisi\u00f3n\u00bb.<\/p>\n<p style=\"text-align: justify\">5.<em>\u00a0T\u00e9\u00a0<\/em>(sustantivo \u2018infusi\u00f3n\u2019), frente a\u00a0<em>te\u00a0<\/em>(pronombre o letra te):\u00a0\u00abPor lo que veo, el t\u00e9 rojo es el que m\u00e1s te gusta\u00bb.<\/p>\n<p style=\"text-align: justify\">6.<em>\u00a0D\u00e9\u00a0<\/em>(forma del verbo <em>dar<\/em>), frente a\u00a0<em>de\u00a0<\/em>(preposici\u00f3n o letra de):\u00a0\u00abMe encanta que mi hijo me d\u00e9 besos de esquimal\u00bb.<\/p>\n<p style=\"text-align: justify\">7.<em>\u00a0S\u00e9\u00a0<\/em>(forma del verbo <em>ser\u00a0<\/em>o\u00a0<em>saber<\/em>), frente a\u00a0<em>se\u00a0<\/em>(pronombre, indicador de impersonalidad o de marca refleja):\u00a0\u00abS\u00e9 muy bien que no se rinde a la primera de cambio\u00bb.<\/p>\n<p style=\"text-align: justify\">8.<em>\u00a0M\u00e1s\u00a0<\/em>(adverbio, adjetivo, pronombre, conjunci\u00f3n con valor de suma o sustantivo), frente a\u00a0<em>mas\u00a0<\/em>(conjunci\u00f3n adversativa equivalente a\u00a0<em>pero<\/em>):\u00a0\u00abHoy he trabajado m\u00e1s horas, mas me siento con energ\u00eda\u00bb.<\/p>\n<p style=\"text-align: justify\">Por otra parte, tambi\u00e9n se aplica esta tilde diacr\u00edtica a unas cuantas palabras polis\u00edlabas, como los<strong> interrogativos y exclamativos\u00a0<em>c\u00f3mo<\/em>,\u00a0<em>cu\u00e1ndo<\/em>,\u00a0<em>cu\u00e1nto\u00a0<\/em>y <i>(a)d\u00f3nde<\/i><\/strong>, que\u00a0forman serie con los interrogativos y exclamativos <strong><em>qu\u00e9<\/em>,\u00a0<em>cu<\/em><em>\u00e1l<\/em>,\u00a0<em>cu\u00e1n<\/em>,\u00a0<em>qui\u00e9n<\/em><\/strong>.<\/p>\n<p style=\"text-align: justify\">Se recuerda adem\u00e1s que, tal como indica\u00a0la <em>Ortograf\u00eda de la lengua espa\u00f1ola\u00a0<\/em>del a\u00f1o 2010 y recoge la vig\u00e9simatercera edici\u00f3n del Diccionario acad\u00e9mico, no llevan tilde, seg\u00fan las normas generales, ni los <a href=\"http:\/\/aplica.rae.es\/orweb\/cgi-bin\/v.cgi?i=UMIQYkzQKvLiiUry\" target=\"_blank\">demostrativos<\/a> <strong><em>este<\/em><\/strong>, <strong><em>ese<\/em><\/strong> <strong>y\u00a0<em>aquel,\u00a0<\/em><\/strong>funcionen como pronombres o como determinantes; ni la palabra\u00a0<em><a href=\"http:\/\/www.fundeu.es\/recomendacion\/solo-sin-tilde-193\/\" target=\"_blank\">solo<\/a><\/em><strong><em>,<\/em><\/strong>\u00a0ya sea adjetivo o adverbio (en este \u00faltimo caso el uso de la tilde \u00fanicamente es admisible\u00a0si existe riesgo de ambig\u00fcedad, aunque no necesario).<\/p>\n<p style=\"text-align: justify\">Por \u00faltimo, la Academia se\u00f1ala asimismo que la tilde diacr\u00edtica \u00ab<strong>no se emplea en espa\u00f1ol para distinguir<\/strong> pares de<strong> palabras de<\/strong> igual forma y\u00a0<strong>distinto significado que siempre son t\u00f3nicas<\/strong>, como <em>di\u00a0<\/em>del verbo\u00a0<em>decir\u00a0<\/em>y\u00a0<em>di\u00a0<\/em>del verbo\u00a0<em>dar<\/em>\u00bb, ambas sin tilde.<\/p>\n<h3 style=\"text-align: justify\">Fuente:<\/h3>\n<p style=\"text-align: justify\"><a href=\"http:\/\/www.fundeu.es\/recomendacion\/tilde-diacritica\/\" target=\"_blank\">Fund\u00e8u<\/a><\/p>\n","protected":false},"excerpt":{"rendered":"<p>La tilde diacr\u00edtica es la que permite distinguir palabras que se escriben igual, pero que tienen significados distintos y presentan diferente pronunciaci\u00f3n.\u00a0En este sentido, la\u00a0Ortograf\u00eda de la lengua espa\u00f1ola\u00a0se\u00f1ala que la tilde diacr\u00edtica se utiliza \u00aba fin de diferenciar en la escritura ciertas palabras de igual forma, pero distinto significado, que se oponen entre s\u00ed [&hellip;]<\/p>\n","protected":false},"author":122,"featured_media":0,"comment_status":"open","ping_status":"open","sticky":false,"template":"","format":"standard","meta":[],"categories":[8],"tags":[77],"_links":{"self":[{"href":"https:\/\/blogs.sld.cu\/taiz\/wp-json\/wp\/v2\/posts\/949"}],"collection":[{"href":"https:\/\/blogs.sld.cu\/taiz\/wp-json\/wp\/v2\/posts"}],"about":[{"href":"https:\/\/blogs.sld.cu\/taiz\/wp-json\/wp\/v2\/types\/post"}],"author":[{"embeddable":true,"href":"https:\/\/blogs.sld.cu\/taiz\/wp-json\/wp\/v2\/users\/122"}],"replies":[{"embeddable":true,"href":"https:\/\/blogs.sld.cu\/taiz\/wp-json\/wp\/v2\/comments?post=949"}],"version-history":[{"count":4,"href":"https:\/\/blogs.sld.cu\/taiz\/wp-json\/wp\/v2\/posts\/949\/revisions"}],"predecessor-version":[{"id":1329,"href":"https:\/\/blogs.sld.cu\/taiz\/wp-json\/wp\/v2\/posts\/949\/revisions\/1329"}],"wp:attachment":[{"href":"https:\/\/blogs.sld.cu\/taiz\/wp-json\/wp\/v2\/media?parent=949"}],"wp:term":[{"taxonomy":"category","embeddable":true,"href":"https:\/\/blogs.sld.cu\/taiz\/wp-json\/wp\/v2\/categories?post=949"},{"taxonomy":"post_tag","embeddable":true,"href":"https:\/\/blogs.sld.cu\/taiz\/wp-json\/wp\/v2\/tags?post=949"}],"curies":[{"name":"wp","href":"https:\/\/api.w.org\/{rel}","templated":true}]}}