{"id":80,"date":"2007-05-09T17:15:31","date_gmt":"2007-05-09T21:15:31","guid":{"rendered":"http:\/\/blogviejo.sld.cu\/urra\/2007\/05\/09\/el-espacio-de-integracion-de-lo-que-se-escribe-en-los-blogs\/"},"modified":"2007-05-09T17:15:31","modified_gmt":"2007-05-09T21:15:31","slug":"el-espacio-de-integracion-de-lo-que-se-escribe-en-los-blogs","status":"publish","type":"post","link":"https:\/\/blogs.sld.cu\/urra\/2007\/05\/09\/el-espacio-de-integracion-de-lo-que-se-escribe-en-los-blogs\/","title":{"rendered":"El espacio de integraci\u00f3n de lo que se escribe en los Blogs"},"content":{"rendered":"<p>Ya est\u00e1 disponible un <a href=\"http:\/\/test-de-aplicaciones.sld.cu\/planet\" title=\"Infomed noticias\">espacio de integraci\u00f3n en Infomed<\/a>, en el que se visualizan los contenidos de los blogs existentes lo cual permite  mantenernos al corriente de lo que se est\u00e1 comunicando, al propio tiempo que se puede escribir desde el blog de cada participante de la red.<\/p>\n<p>Es importante que todos los que usan regularmente este blog o est\u00e1n suscritos al canal tengan en cuenta que a partir de ahora muchos comentarios se generar\u00e1n desde diferentes blogs. Por lo tanto la forma m\u00e1s sencilla de mantenernos al tanto de lo que se produce en el ecosistema es revisar regularmente o suscribirnos al canal de integraci\u00f3n que en este momento est\u00e1 ubicado en <a href=\"http:\/\/test-de-aplicaciones.sld.cu\/planet\">http:\/\/test-de-aplicaciones.sld.cu\/planet<\/a> hasta que sea ubicado en otro servidor. Es importante que esto se anuncie en caso de suceder.<\/p>\n<p>Los \u00faltimos comentarios que quiero compartir los escrib\u00ed en <a href=\"http:\/\/blog.sld.u\/urra\" title=\"Blog de Urra\">mi blog <\/a> y han aparecido en el espacio mencionado por lo que les pido revisarlo para mantener nuestra comunicaci\u00f3n. Al\u00ed est\u00e1 trabajando en mejorar este &#8220;planeta&#8221; virtual que ya est\u00e1 brindando servicios y que es un modelo para integrar otros blogs y recursos como los de las especialidades.<\/p>\n<p>Estoy compartiendo con ustedes la agenda de trabajo aqu\u00ed en Bireme porque hay muchos aspectos que los involucran y que deben ayudarnos a dar continuidad a nuestra cooperaci\u00f3n. El objetivo de la visita  es compartir experiencias sobre los conceptos, mecanismos y herramientas de trabajo en red de la BVS. Estoy aprendiendo mucho de lo que est\u00e1n haciendo y haciendo un esfuerzo de construcci\u00f3n colectiva con los colegas de Bireme para ver como potenciar lo que hacemos con este enfoque de trabajo.<\/p>\n<p>Les pido que revisen la agenda, den sus comentarios y est\u00e9n al tanto para las consultas y comunicaciones que necesitemos.<\/p>\n<p>Por \u00faltimo quiero decirles que Ana Gloria est\u00e1 con nosotros, lleg\u00f3 muy bien y ya comenz\u00f3  a trabajar con el equipo de Elenice. Ella les manda un abrazo a todos, tambi\u00e9n un abrazo de mi parte.<\/p>\n","protected":false},"excerpt":{"rendered":"<p>Ya est\u00e1 disponible un espacio de integraci\u00f3n en Infomed, en el que se visualizan los contenidos de los blogs existentes lo cual permite mantenernos al corriente de lo que se est\u00e1 comunicando, al propio tiempo que se puede escribir desde el blog de cada participante de la red. Es importante que todos los que usan [&hellip;]<\/p>\n","protected":false},"author":1,"featured_media":0,"comment_status":"open","ping_status":"open","sticky":false,"template":"","format":"standard","meta":[],"categories":[10,14,22,23,26],"tags":[],"_links":{"self":[{"href":"https:\/\/blogs.sld.cu\/urra\/wp-json\/wp\/v2\/posts\/80"}],"collection":[{"href":"https:\/\/blogs.sld.cu\/urra\/wp-json\/wp\/v2\/posts"}],"about":[{"href":"https:\/\/blogs.sld.cu\/urra\/wp-json\/wp\/v2\/types\/post"}],"author":[{"embeddable":true,"href":"https:\/\/blogs.sld.cu\/urra\/wp-json\/wp\/v2\/users\/1"}],"replies":[{"embeddable":true,"href":"https:\/\/blogs.sld.cu\/urra\/wp-json\/wp\/v2\/comments?post=80"}],"version-history":[{"count":0,"href":"https:\/\/blogs.sld.cu\/urra\/wp-json\/wp\/v2\/posts\/80\/revisions"}],"wp:attachment":[{"href":"https:\/\/blogs.sld.cu\/urra\/wp-json\/wp\/v2\/media?parent=80"}],"wp:term":[{"taxonomy":"category","embeddable":true,"href":"https:\/\/blogs.sld.cu\/urra\/wp-json\/wp\/v2\/categories?post=80"},{"taxonomy":"post_tag","embeddable":true,"href":"https:\/\/blogs.sld.cu\/urra\/wp-json\/wp\/v2\/tags?post=80"}],"curies":[{"name":"wp","href":"https:\/\/api.w.org\/{rel}","templated":true}]}}