{"id":82,"date":"2016-04-03T09:27:48","date_gmt":"2016-04-03T09:27:48","guid":{"rendered":"http:\/\/blogs.sld.cu\/vialart\/?p=82"},"modified":"2016-04-29T21:01:04","modified_gmt":"2016-04-29T21:01:04","slug":"x-reunion-internacional","status":"publish","type":"post","link":"https:\/\/blogs.sld.cu\/vialart\/2016\/04\/03\/x-reunion-internacional\/","title":{"rendered":"Agenda de la X Reuni\u00f3n Internacional de Redes de Enfermer\u00eda de las Am\u00e9ricas. M\u00e9xico 2016"},"content":{"rendered":"<h3 style=\"text-align: left\"><a href=\"http:\/\/blogs.sld.cu\/vialart\/files\/2016\/03\/Libros-subiendo-niveles.jpg\"><img loading=\"lazy\" class=\"  wp-image-95 alignleft\" src=\"http:\/\/blogs.sld.cu\/vialart\/files\/2016\/03\/Libros-subiendo-niveles-300x151.jpg\" alt=\"Libros subiendo niveles\" width=\"265\" height=\"133\" srcset=\"https:\/\/blogs.sld.cu\/vialart\/files\/2016\/03\/Libros-subiendo-niveles-300x151.jpg 300w, https:\/\/blogs.sld.cu\/vialart\/files\/2016\/03\/Libros-subiendo-niveles.jpg 316w\" sizes=\"(max-width: 265px) 100vw, 265px\" \/><\/a><span style=\"color: #0000ff\"><strong>ATENCI\u00d3N: <\/strong><\/span><\/h3>\n<h3 style=\"text-align: left\"><span style=\"color: #0000ff\"><strong><span style=\"color: #ff0000\">Los pendientes en<\/span> <span style=\"color: #ff0000\">letras rojas. <\/span><\/strong><\/span><\/h3>\n<h3><span style=\"color: #008000\">Nuevos comentarios en letras verde<\/span><\/h3>\n<h3 style=\"text-align: left\"><span style=\"color: #0000ff\"><strong>Los documentos de reuniones e intercambio en<\/strong> <strong><strong><a style=\"color: #0000ff\" title=\"Documentos de Intercambio\" href=\"https:\/\/goo.gl\/NENZtf\" target=\"_blank\">Google. Docs<\/a><\/strong><\/strong><\/span><\/h3>\n<p>Las Redes Internacionales de Enfermer\u00eda de las Am\u00e9ricas constituyen un conjunto de redes tem\u00e1ticas que tienen a la enfermer\u00eda como un eje com\u00fan. La Unidad de Recursos Humanos para la Salud (HSS\/HR) de la Organizaci\u00f3n Panamericana de la Salud, Oficina Regional de la Organizaci\u00f3n Mundial de la Salud (OPS\/OMS) apoya y coordina el trabajo de las Redes Internacionales de Enfermer\u00eda desde el a\u00f1o 2006.<!--more--><\/p>\n<p style=\"text-align: center\"><strong>Redes Internacionales de Enfermer\u00eda en el fortalecimiento del Acceso Universal a la Salud y la Cobertura Universal de Salud en las Am\u00e9ricas <\/strong><\/p>\n<p style=\"text-align: center\"><strong><span style=\"color: #008000\">Mar\u00eda Antonia<\/span> <\/strong><span style=\"color: #008000\"><strong>sugiere:<\/strong> quitar de las Am\u00e9ricas ya que las Redes incluyen paises de Europa y el resto del Mundo, igualmente unificar el titulo Reuni\u00f3n Redes Internacionales de Enfermeria<\/span><\/p>\n<p style=\"text-align: center\"><strong> X Reuni\u00f3n Internacional de Redes de Enfermer\u00eda de las Am\u00e9ricas<\/strong><\/p>\n<p style=\"text-align: center\"><strong> Agenda Revisada 8 de abril, 2016<\/strong>. <strong style=\"text-align: center\"><br \/>\n<\/strong><\/p>\n<p style=\"text-align: center\"><strong>Reuni\u00f3n de Coordinadores de Redes Internacionales <span style=\"color: #ff0000\">y Nacionales<\/span><\/strong><\/p>\n<p style=\"text-align: center\"><span style=\"color: #008000\">Lynda pregunta si es necesario poner &#8220;Nacionales&#8221;<\/span><\/p>\n<p style=\"text-align: center\"><strong> Ciudad de M\u00e9xico<\/strong><\/p>\n<p style=\"text-align: center\"><strong> 0<\/strong><strong>3\/10\/2016 &#8211; 8:00 a 12:30 hs.<\/strong><\/p>\n<p style=\"text-align: center\"><strong> Propuesta Preliminar<\/strong><\/p>\n<p>En esta reuni\u00f3n se presentar\u00e1n los avances del trabajo de las Redes y se discutir\u00e1n acciones de las Redes para contribuir a que los pa\u00edses logren el Acceso Universal a la Salud y la Cobertura Universal de Salud.<\/p>\n<p><strong> Objetivos<\/strong><\/p>\n<ol>\n<li>Discutir la visibidad de las Redes de Enfermer\u00eda y los avances en el plan de trabajo acordado para 2015 &#8211; 2017.<\/li>\n<li>Conmemorar 10 a\u00f1os de trabajo de las Redes Internacionales de Enfermer\u00eda<\/li>\n<li>Discutir y determinar elementos de la gesti\u00f3n de las Redes, incluso la coordinaci\u00f3n con los Centros Colaboradores en Enfermer\u00eda\/Parter\u00eda de OPS.<\/li>\n<li>Divulgar las acciones de las diversas Redes Internacionales de Enfermer\u00eda durante el a\u00f1o de 2015-2016.<\/li>\n<\/ol>\n<p>&nbsp;<\/p>\n<p>*********************************************************************************<\/p>\n<p><span style=\"color: #ff0000\"><strong>Trasmisi\u00f3n virtual a trav\u00e9s de la plataforma <em>WebEx<\/em> de OPS\/OMS: <span style=\"color: #008000\">Niurka <\/span><\/strong><span style=\"color: #008000\">sugiere que<\/span><strong><span style=\"color: #008000\">\u00a0<\/span><\/strong><em><span style=\"color: #008000\">se debe definir la sala virtual que se utilizar\u00e1 y verlo adem\u00e1s con el Comit\u00e9 organizador del evento en M\u00e9xico ya que se requiere de conectividad y tecnolog\u00eda que previamente debe ser probada<\/span><\/em><\/span><\/p>\n<p><strong>Agenda<\/strong><\/p>\n<table style=\"height: 626px\" width=\"537\">\n<tbody>\n<tr>\n<td colspan=\"2\" width=\"606\"><strong>Reuni\u00f3n para los Coordinadores o representantes designados<\/strong><\/td>\n<td width=\"1\"><\/td>\n<\/tr>\n<tr>\n<td width=\"72\">8:00-8:30<\/td>\n<td width=\"534\"><strong> A<\/strong><strong>pertura y bienvenida:<\/strong><em> Silvia Cassiani \u2013 OPS\/OMS<\/em><\/td>\n<td width=\"1\"><\/td>\n<\/tr>\n<tr>\n<td width=\"72\">8:30-9:00<\/td>\n<td width=\"534\"><strong> Historia de la formaci\u00f3n de las redes internacionales y celebraci\u00f3n de 10 a\u00f1os. <\/strong><em>Silvina Malvarez \u2013 Ex-Asesora Regional de Desarrollo de Personal de Enfermeri\u0301a y Te\u0301cnicos en Salud de la OPS\/OMS (2004-2014)<\/em><\/td>\n<td width=\"1\"><\/td>\n<\/tr>\n<tr>\n<td width=\"72\">9:00-9:30<\/td>\n<td width=\"534\"><strong>Futuro de las redes internacionales y contribuci\u00f3n a la cobertura universal de salud y los cuidados oportunos y seguros. <\/strong><em>Silvia Cassiani \u2013 <\/em>Asesora Regional de Enfermer\u00eda y T\u00e9cnicos en Salud, Sistemas y Servicios de Salud de la OPS\/OMS<\/td>\n<td width=\"1\"><\/td>\n<\/tr>\n<tr>\n<td width=\"72\">9:30-10:30<\/td>\n<td width=\"534\"><strong>Reporte del Grupo Coordinador de las Redes Internacionales: Informe anual, Coordinaci\u00f3n de las Redes \u2013 elecciones, uso del logo, redes nacionales, sitio de las Redes en el Observatorio Regional de RHS. <\/strong><em>Silvia Cassiani \u2013 OPS\/OMS y Grupo Coordinador de las Redes<\/em><\/td>\n<td width=\"1\"><\/td>\n<\/tr>\n<tr>\n<td width=\"72\">10:30-11:00<\/td>\n<td width=\"534\"><strong>Caf\u00e9<\/strong><\/td>\n<td width=\"1\"><\/td>\n<\/tr>\n<tr>\n<td width=\"72\">11:00-11:45<\/td>\n<td width=\"534\"><strong>Revision de Plan de Trabajo de las Redes 2015-2017 \u2013 <\/strong><em>Silvia Cassiani \u2013 OPS\/OMS y Grupo Coordinador de las Redes<\/em><\/td>\n<td width=\"1\"><\/td>\n<\/tr>\n<tr>\n<td width=\"72\">11:45-12:30<\/td>\n<td width=\"534\"><strong>Discusi\u00f3n de estrategias de colaboraci\u00f3n con los Centros Colaboradores en Enfermer\u00eda y Parter\u00eda de OPS &#8211; <\/strong><em>Rosa Zarate y Grupo Coordinador de las Redes<\/em><\/td>\n<td width=\"1\"><\/td>\n<\/tr>\n<tr>\n<td width=\"72\">12:30-12:45<\/td>\n<td width=\"534\"><strong>Clausura: <\/strong><em>Silvia Cassiani \u2013 OPS\/OMS <\/em><\/td>\n<td width=\"1\"><\/td>\n<\/tr>\n<tr>\n<td width=\"72\">12:45-14:00<\/td>\n<td width=\"534\"><strong>Almuerzo<\/strong><\/td>\n<td width=\"1\"><\/td>\n<\/tr>\n<tr>\n<td width=\"72\">14:00-14:15<\/td>\n<td width=\"534\"><strong>Bienvenida a los participantes <\/strong><em>&#8211; Silvia Cassiani \u2013OPS\/OMS Rosa Zarate \u2013 UNAM y PANMCC<\/em><\/td>\n<td width=\"1\"><\/td>\n<\/tr>\n<tr>\n<td width=\"72\">14:15-14:45<\/td>\n<td width=\"534\"><strong>Redes Internacionales de Enfermer\u00eda y sitio web.Situaci\u00f3n actual y perspectivas. <\/strong><em>Marco Ram\u00edrez<\/em><em> \u2013OPS\/OMS. Niurka Vialart Vidal<\/em><\/td>\n<td width=\"1\"><\/td>\n<\/tr>\n<tr>\n<td width=\"72\">14:45-15:45<\/td>\n<td width=\"534\"><strong>Panel &#8211; Experiencias de Redes Internacionales exitosas en la contribuci\u00f3n a la Salud Universal<span style=\"color: #ff0000\"><em> (5-6 redes selecionadas para el premio)<\/em><\/span><\/strong><\/td>\n<td width=\"1\"><\/td>\n<\/tr>\n<tr>\n<td width=\"72\">15:45-17:30<\/td>\n<td width=\"534\"><strong>Presentacion de Posters<\/strong><\/td>\n<td width=\"1\"><\/td>\n<\/tr>\n<tr>\n<td width=\"72\">17:30-18:00<\/td>\n<td width=\"534\"><strong>Premio Internacional de las Redes\u2013 <\/strong><em><span style=\"color: #ff0000\">Grupo responsable para elaborar el reglamento o criterio para el premio: Maria Antonia, Carmen, Niurka, Maricela, Edelmira \u2013 Necesitamos clarificar con Silvia Cassiani cual ser\u00e1 el premio (OPS puede publicar su trabajo, un certificado, dinero?) Cuantas redes van a recibir premios?<\/span><\/em><\/td>\n<td width=\"1\"><\/td>\n<\/tr>\n<tr>\n<td width=\"72\">18:00-18:30<\/td>\n<td width=\"534\"><strong>Cierre<\/strong><\/td>\n<td width=\"1\"><\/td>\n<\/tr>\n<tr>\n<td width=\"72\">18:30-19:30<\/td>\n<td width=\"534\"><span style=\"color: #ff0000\"><strong>Refresco y Celebracion de 10 A\u00f1os de Trabajo de las Redes Internacionales de Enfermer\u00eda<\/strong><\/span><\/td>\n<td width=\"1\"><\/td>\n<\/tr>\n<\/tbody>\n<\/table>\n<p><span style=\"color: #ff0000\">Facilitador: <em><span style=\"color: #008000\"><strong>Niurka<\/strong> sugiere que sea Augusto Ferreira<\/span><\/em><\/span><br \/>\n<span style=\"color: #ff0000\">Los facilitadores deben ser rigurosos con el control de los tiempos, para respetar los espacios de cada uno y adem\u00e1s hacer m\u00e1s efectiva la reuni\u00f3n.<\/span><\/p>\n<p>******************************************************************************<\/p>\n<p>&nbsp;<\/p>\n<p>&nbsp;<\/p>\n<p style=\"text-align: center\"><strong>Reuniones de cada Red tem\u00e1tica<\/strong><\/p>\n<p style=\"text-align: center\"><strong>Ciudad de M\u00e9xico<\/strong><\/p>\n<p style=\"text-align: center\"><strong>4\/10\/16 <\/strong><\/p>\n<p style=\"text-align: center\"><strong>08:00-13:30 (10 redes)<\/strong><\/p>\n<p style=\"text-align: center\"><strong>15:00-19:00 (10 redes)<\/strong><\/p>\n<p style=\"text-align: center\"><strong> <em>Agendas de cada red en particular en la Web del Coloquio<\/em><\/strong><\/p>\n<p style=\"text-align: center\"><span style=\"color: #008000\"><strong><span style=\"color: #ff0000\">Salones para las Redes Internacionales en el<\/span> <strong><span style=\"color: #ff0000\">Centro Cultural Universitario Tlatelolco<\/span><\/strong><\/strong><\/span><\/p>\n<p style=\"text-align: center\"><span style=\"color: #008000\"><strong> Descarga de<strong>\u00a0 <\/strong><a href=\"http:\/\/blogs.sld.cu\/vialart\/files\/2015\/12\/ASIGNACI%C3%93N-DE-SALONES-Y-REQUERIMIENTOS-CENTRO-CULTURAL-UNIVERSITARIO-TLATELOLCO.docx\" target=\"_blank\">ASIGNACI\u00d3N DE SALONES Y REQUERIMIENTOS CENTRO CULTURAL UNIVERSITARIO TLATELOLCO<\/a><\/strong><\/span><\/p>\n<p style=\"text-align: center\"><a href=\"http:\/\/coloquioenfermeria2014.com\/es\/redes-internacionales-de-enfermer%C3%AD-de-las-am\u00e9ricas#.U_5z5bRP_0Q\" target=\"_blank\">http:\/\/coloquioenfermeria2014.com\/es\/redes-internacionales-de-enfermer%C3%AD-de-las-am\u00e9ricas#.U_5z5bRP_0Q<\/a><\/p>\n<p>******************************************************************************<\/p>\n<h3 style=\"text-align: justify\"><strong><span style=\"color: #ff0000\"><a href=\"http:\/\/blogs.sld.cu\/vialart\/files\/2016\/03\/Libro-abriendo.gif\"><img loading=\"lazy\" class=\"  wp-image-96 alignleft\" style=\"border-width: 0px;margin: 5px\" src=\"http:\/\/blogs.sld.cu\/vialart\/files\/2016\/03\/Libro-abriendo.gif\" alt=\"Libro abriendo\" width=\"56\" height=\"59\" \/><\/a><span style=\"color: #0000ff\">Por favor registre sus criterios relacionados con este tema o cualquier otro a tratar<\/span><\/span><\/strong><\/h3>\n<p>&nbsp;<\/p>\n<p>*****************************************************************************<\/p>\n<p><span style=\"color: #0000ff\"><strong>Enlaces relacionados <\/strong><\/span><\/p>\n<ol>\n<li><span style=\"color: #0000ff\"><a style=\"color: #0000ff\" title=\"Documentos de Intercambio\" href=\"https:\/\/goo.gl\/NENZtf\" target=\"_blank\">Documentos de reuniones e intercambio en Google. Docs<\/a><\/span><\/li>\n<li><span style=\"color: #0000ff\">Grabaciones de las reuniones<\/span><\/li>\n<\/ol>\n","protected":false},"excerpt":{"rendered":"<p>ATENCI\u00d3N: Los pendientes en letras rojas. Nuevos comentarios en letras verde Los documentos de reuniones e intercambio en Google. Docs Las Redes Internacionales de Enfermer\u00eda de las Am\u00e9ricas constituyen un conjunto de redes tem\u00e1ticas que tienen a la enfermer\u00eda como un eje com\u00fan. La Unidad de Recursos Humanos para la Salud (HSS\/HR) de la Organizaci\u00f3n [&hellip;]<\/p>\n","protected":false},"author":167,"featured_media":0,"comment_status":"open","ping_status":"closed","sticky":false,"template":"","format":"standard","meta":[],"categories":[4],"tags":[],"_links":{"self":[{"href":"https:\/\/blogs.sld.cu\/vialart\/wp-json\/wp\/v2\/posts\/82"}],"collection":[{"href":"https:\/\/blogs.sld.cu\/vialart\/wp-json\/wp\/v2\/posts"}],"about":[{"href":"https:\/\/blogs.sld.cu\/vialart\/wp-json\/wp\/v2\/types\/post"}],"author":[{"embeddable":true,"href":"https:\/\/blogs.sld.cu\/vialart\/wp-json\/wp\/v2\/users\/167"}],"replies":[{"embeddable":true,"href":"https:\/\/blogs.sld.cu\/vialart\/wp-json\/wp\/v2\/comments?post=82"}],"version-history":[{"count":95,"href":"https:\/\/blogs.sld.cu\/vialart\/wp-json\/wp\/v2\/posts\/82\/revisions"}],"predecessor-version":[{"id":388,"href":"https:\/\/blogs.sld.cu\/vialart\/wp-json\/wp\/v2\/posts\/82\/revisions\/388"}],"wp:attachment":[{"href":"https:\/\/blogs.sld.cu\/vialart\/wp-json\/wp\/v2\/media?parent=82"}],"wp:term":[{"taxonomy":"category","embeddable":true,"href":"https:\/\/blogs.sld.cu\/vialart\/wp-json\/wp\/v2\/categories?post=82"},{"taxonomy":"post_tag","embeddable":true,"href":"https:\/\/blogs.sld.cu\/vialart\/wp-json\/wp\/v2\/tags?post=82"}],"curies":[{"name":"wp","href":"https:\/\/api.w.org\/{rel}","templated":true}]}}